{"id":4833,"date":"2012-03-02T10:01:27","date_gmt":"2012-03-02T09:01:27","guid":{"rendered":"http:\/\/www.rwepowergolf.de\/?p=4833"},"modified":"2018-10-04T14:14:53","modified_gmt":"2018-10-04T13:14:53","slug":"die-mitglieder-der-bsg-rwe-powergolf-2","status":"publish","type":"post","link":"https:\/\/bsg-rwepowergolf.de\/?p=4833","title":{"rendered":"Die Mitglieder der BSG-RWE Powergolf"},"content":{"rendered":"<p><span style=\"font-family: arial,helvetica,sans-serif; font-size: small;\">Bitte das\u00a0<a href=\"https:\/\/www.bsg-rwepowergolf.de\/wp-content\/uploads\/BSG-Steckbrief-2014.doc\" target=\"_blank\" rel=\"noopener\">BSG-Datenblatt<\/a> ausgef\u00fcllt und zusammen mit einem Foto (am besten JPG-Datei und in m\u00f6glichst gro\u00dfer Aufl\u00f6sung) per E-Mail an <a href=\"mailto:anmeldung@bsg-rwepowergolf.de\" target=\"_blank\" rel=\"noopener\">anmeldung@bsg-rwepowergolf.de<\/a> senden.<\/span><\/p>\n<p><span style=\"font-family: arial,helvetica,sans-serif; font-size: small;\">F\u00fcr eine Teilnahme an der <strong>Jahreswertung<\/strong> ist die R\u00fccksendung des Steckbriefs unerl\u00e4sslich, da wir hierf\u00fcr das aktuelle HCP zum 1. Januar des jeweiligen Jahres ben\u00f6tigen. Name, Vorname und Handicap sind daher <strong>Pflichtfelder<\/strong>. Ebenso die Clubmitgliedschaft, da einige zum neuen Jahr auch den Club wechseln.<\/span><\/p>\n<p><span style=\"font-family: arial,helvetica,sans-serif; font-size: small;\"><strong>Freiwillige Angaben:<\/strong> Zur besseren Erkennung untereinander (\u201edas Gesicht zum Namen!\u201c) w\u00e4re es sch\u00f6n, von jedem Mitglied ein <strong>Foto <\/strong>einstellen zu k\u00f6nnen. Wer au\u00dferdem gerne f\u00fcr andere erreichbar sein m\u00f6chte, z.B. um sich kurzfristig zu einer Golfrunde zu verabreden oder eine Fahrgemeinschaft zu einem Turnier abzustimmen, kann gerne seine Kontaktdaten angeben. Die Daten sind nicht \u00f6ffentlich zug\u00e4nglich und dienen nur der <strong>Kommunikation untereinander<\/strong>.<\/span><\/p>\n<p><span style=\"font-family: arial,helvetica,sans-serif; font-size: small;\">Die Daten und Bilder werden von uns zeitnah eingestellt und aktualisiert!<\/span><\/p>\n<p><span style=\"color: #f5f5f5; font-size: small; font-family: arial,helvetica,sans-serif;\">.<\/span><\/p>\n<p><span style=\"color: #888888; font-size: small; font-family: arial,helvetica,sans-serif;\"><strong>Unsere Powergolfer:<\/strong><\/span><\/p>\n<table style=\"border-width: 0px; border-color: #b0c4de; width: 500px;\" border=\"0\" rules=\"rows\">\n<tbody>\n<tr>\n<td align=\"center\" valign=\"middle\"><span style=\"font-family: arial,helvetica,sans-serif; font-size: small;\">Bitte Foto einsenden!<\/span><\/td>\n<td style=\"width: 350px; height: 120px;\"><span style=\"font-size: small;\"><span style=\"font-family: arial,helvetica,sans-serif;\">Andr\u00e9 Bartel<\/span><span style=\"font-family: arial,helvetica,sans-serif;\"> <strong><br \/>\nWohnort:<\/strong> Erkelenz<\/span><span style=\"font-family: arial,helvetica,sans-serif;\"><br \/>\n<strong>BSG-Mitglied seit:<\/strong> Feb. 12<\/span><span style=\"font-family: arial,helvetica,sans-serif;\"> <strong><br \/>\nGolfclub:<\/strong> GC M\u00f6nchengladbach-Wanlo<\/span><\/span><\/td>\n<\/tr>\n<tr>\n<td align=\"center\" valign=\"middle\"><a href=\"http:\/\/www.rwepowergolf.de\/wp-content\/uploads\/Baumgarten-J\u00f6rg.jpg\"><span style=\"font-family: arial,helvetica,sans-serif; font-size: small;\"><img loading=\"lazy\" decoding=\"async\" style=\"border: 0pt none;\" title=\"Baumgarten-J\u00f6rg\" src=\"http:\/\/www.rwepowergolf.de\/wp-content\/uploads\/Baumgarten-J\u00f6rg.jpg\" alt=\"\" width=\"76\" height=\"90\" \/><\/span><\/a><\/td>\n<td style=\"width: 350px; height: 120px;\"><span style=\"font-size: small;\"><span style=\"font-family: arial,helvetica,sans-serif;\">J\u00f6rg Baumgarten<\/span><span style=\"font-family: arial,helvetica,sans-serif;\"> <strong><br \/>\nWohnort:<\/strong> H\u00fcrth<\/span><span style=\"font-family: arial,helvetica,sans-serif;\"> <strong><br \/>\nBSG-Mitglied seit:<\/strong> Sep. 05<\/span><span style=\"font-family: arial,helvetica,sans-serif;\"> <strong><br \/>\nGolfclub:<\/strong> GC Lauterbach e.V. Schlo\u00df Sickendorf<\/span><\/span><\/td>\n<\/tr>\n<tr>\n<td align=\"center\" valign=\"middle\"><span style=\"font-family: arial,helvetica,sans-serif; font-size: small;\">Bitte Foto einsenden!<\/span><\/td>\n<td style=\"width: 350px; height: 120px;\"><span style=\"font-size: small;\"><span style=\"font-family: arial,helvetica,sans-serif;\">Stefan Bernhardt<\/span><span style=\"font-family: arial,helvetica,sans-serif;\"> <strong><br \/>\nWohnort:<\/strong> Bergheim<\/span><span style=\"font-family: arial,helvetica,sans-serif;\"> <strong><br \/>\nBSG-Mitglied seit:<\/strong> Aug. 06<\/span><span style=\"font-family: arial,helvetica,sans-serif;\"> <strong><br \/>\nGolfclub:<\/strong> kein Clubmitglied<\/span><\/span><\/td>\n<\/tr>\n<tr>\n<td align=\"center\" valign=\"middle\"><span style=\"font-family: arial,helvetica,sans-serif; font-size: small;\"><a href=\"https:\/\/www.bsg-rwepowergolf.de\/wp-content\/uploads\/Bildschirmfoto-2015-01-27-um-22.49.43.png\"><img loading=\"lazy\" decoding=\"async\" class=\"aligncenter wp-image-10480\" src=\"https:\/\/www.bsg-rwepowergolf.de\/wp-content\/uploads\/Bildschirmfoto-2015-01-27-um-22.49.43.png\" alt=\"Bildschirmfoto 2015-01-27 um 22.49.43\" width=\"66\" height=\"89\" \/><\/a><\/span><\/td>\n<td style=\"width: 350px; height: 120px;\"><span style=\"font-size: small;\"><span style=\"font-family: arial,helvetica,sans-serif;\">Frank Bertram<\/span><span style=\"font-family: arial,helvetica,sans-serif;\"> <strong><br \/>\nWohnort:<\/strong> K\u00f6ln<\/span><span style=\"font-family: arial,helvetica,sans-serif;\"> <strong><br \/>\nBSG-Mitglied seit:<\/strong> Aug. 08<\/span><span style=\"font-family: arial,helvetica,sans-serif;\"> <strong><br \/>\nGolfclub:<\/strong> K\u00f6lner Golfclub<\/span><\/span><\/td>\n<\/tr>\n<tr>\n<td align=\"center\" valign=\"middle\"><span style=\"font-family: arial,helvetica,sans-serif; font-size: small;\">Bitte Foto einsenden!<\/span><\/td>\n<td style=\"width: 350px; height: 120px;\"><span style=\"font-size: small;\"><span style=\"font-family: arial,helvetica,sans-serif;\">Marianne Brinkhoff <strong><br \/>\nWohnort:<\/strong> Schleiden <strong><br \/>\nBSG-Mitglied seit:<\/strong> Jan. 16 <strong><br \/>\nGolfclub:<\/strong> GC Hude<br \/>\n<\/span><\/span><\/td>\n<\/tr>\n<tr>\n<td align=\"center\" valign=\"middle\"><a href=\"http:\/\/www.rwepowergolf.de\/wp-content\/uploads\/B\u00fcrger-Christoph.jpg\"><span style=\"font-family: arial,helvetica,sans-serif; font-size: small;\"><img loading=\"lazy\" decoding=\"async\" style=\"border: 0pt none;\" title=\"B\u00fcrger-Christoph\" src=\"http:\/\/www.rwepowergolf.de\/wp-content\/uploads\/B\u00fcrger-Christoph.jpg\" alt=\"\" width=\"75\" height=\"91\" \/><\/span><\/a><\/td>\n<td style=\"width: 350px; height: 120px;\"><span style=\"font-family: arial,helvetica,sans-serif; font-size: small;\"><span style=\"font-family: arial,helvetica,sans-serif;\">Christoph B\u00fcrger<\/span><span style=\"font-family: arial,helvetica,sans-serif;\"> <strong><br \/>\nWohnort:<\/strong> Erkelenz<\/span><span style=\"font-family: arial,helvetica,sans-serif;\"> <strong><br \/>\nBSG-Mitglied seit:<\/strong> Sep. 09<\/span><span style=\"font-family: arial,helvetica,sans-serif;\"> <strong><br \/>\nGolfclub:<\/strong> GC M\u00f6nchengladbach-Wanlo<\/span><span style=\"font-family: arial,helvetica,sans-serif;\"> <strong><br \/>\nTelefon:<\/strong> 02431 \u2013 745 28<br \/>\n<\/span><strong>E-Mail:<\/strong> christoph.buerger@t-online.de<\/span><\/td>\n<\/tr>\n<tr>\n<td align=\"center\" valign=\"middle\"><a href=\"http:\/\/www.rwepowergolf.de\/wp-content\/uploads\/B\u00fcsker-G\u00fcnter.jpg\"><span style=\"font-family: arial,helvetica,sans-serif; font-size: small;\"><img loading=\"lazy\" decoding=\"async\" style=\"border: 0pt none;\" title=\"B\u00fcsker-G\u00fcnter\" src=\"http:\/\/www.rwepowergolf.de\/wp-content\/uploads\/B\u00fcsker-G\u00fcnter.jpg\" alt=\"\" width=\"76\" height=\"88\" \/><\/span><\/a><\/td>\n<td style=\"width: 350px; height: 120px;\"><span style=\"font-family: arial,helvetica,sans-serif; font-size: small;\"><span style=\"font-family: arial,helvetica,sans-serif;\">G\u00fcnther B\u00fcsker<\/span><span style=\"font-family: arial,helvetica,sans-serif;\"> <strong><br \/>\nWohnort:<\/strong> J\u00fclich<\/span><span style=\"font-family: arial,helvetica,sans-serif;\"> <strong><br \/>\nBSG-Mitglied seit:<\/strong> Mai. 10<\/span><span style=\"font-family: arial,helvetica,sans-serif;\"><br \/>\n<strong>Golfclub:<\/strong> GC M\u00f6nchengladbach-Wanlo<\/span><span style=\"font-family: arial,helvetica,sans-serif;\"> <strong><br \/>\nTelefon:<\/strong> 02461 \u2013 537 79<br \/>\n<\/span><strong>Mobil:<\/strong> 0160 \u2013 946 445 69<br \/>\n<strong>E-Mail:<\/strong> kerstinbuesker@t-online.de<\/span><\/td>\n<\/tr>\n<tr>\n<td align=\"center\" valign=\"middle\"><span style=\"font-family: arial,helvetica,sans-serif; font-size: small;\"><a href=\"http:\/\/www.rwepowergolf.de\/wp-content\/uploads\/Deimer-Juliane.jpg\"><img loading=\"lazy\" decoding=\"async\" style=\"border: 0pt none;\" title=\"Deimer-Juliane\" src=\"http:\/\/www.rwepowergolf.de\/wp-content\/uploads\/Deimer-Juliane.jpg\" alt=\"\" width=\"76\" height=\"93\" \/><\/a><\/span><\/td>\n<td style=\"width: 350px; height: 120px;\"><span style=\"font-size: small;\"><span style=\"font-family: arial,helvetica,sans-serif;\">Juliane Deimer<\/span><span style=\"font-family: arial,helvetica,sans-serif;\"> <strong><br \/>\nWohnort:<\/strong> M\u00f6nchengladbach<\/span><span style=\"font-family: arial,helvetica,sans-serif;\"> <strong><br \/>\nBSG-Mitglied seit:<\/strong> Apr. 11<\/span><span style=\"font-family: arial,helvetica,sans-serif;\"> <strong><br \/>\nGolfclub:<\/strong> GC Am R\u00f6merweg<\/span><\/span><\/td>\n<\/tr>\n<tr>\n<td align=\"center\" valign=\"middle\"><span style=\"font-family: arial,helvetica,sans-serif; font-size: small;\">Bitte Foto einsenden!<\/span><\/td>\n<td style=\"width: 350px; height: 120px;\"><span style=\"font-size: small;\"><span style=\"font-family: arial,helvetica,sans-serif;\">Lothar Dick<\/span><span style=\"font-family: arial,helvetica,sans-serif;\"> <strong><br \/>\nWohnort:<\/strong> D\u00fcren<\/span><span style=\"font-family: arial,helvetica,sans-serif;\"> <strong><br \/>\nBSG-Mitglied seit:<\/strong> Jan. 07<\/span><span style=\"font-family: arial,helvetica,sans-serif;\"> <strong><br \/>\nGolfclub:<\/strong> kein Clubmitglied<\/span><\/span><\/td>\n<\/tr>\n<tr>\n<td align=\"center\" valign=\"middle\"><span style=\"font-family: arial,helvetica,sans-serif; font-size: small;\">Bitte Foto einsenden!<\/span><\/td>\n<td style=\"width: 350px; height: 120px;\"><span style=\"font-size: small;\"><span style=\"font-family: arial,helvetica,sans-serif;\">Frank Dumke<strong><br \/>\nWohnort:<\/strong>\u00a0Rommerskirchen<strong><br \/>\nBSG-Mitglied seit:<\/strong>\u00a0Apr. 18\u00a0<strong><br \/>\nGolfclub:<\/strong>\u00a0GC Erftaue<\/span><\/span><\/td>\n<\/tr>\n<tr>\n<td align=\"center\" valign=\"middle\"><a href=\"http:\/\/www.rwepowergolf.de\/wp-content\/uploads\/Erben-Erich.jpg\"><span style=\"font-family: arial,helvetica,sans-serif; font-size: small;\"><img loading=\"lazy\" decoding=\"async\" style=\"border: 0pt none;\" title=\"Erben-Erich\" src=\"http:\/\/www.rwepowergolf.de\/wp-content\/uploads\/Erben-Erich.jpg\" alt=\"\" width=\"73\" height=\"91\" \/><\/span><\/a><\/td>\n<td style=\"width: 350px; height: 120px;\"><span style=\"font-family: arial,helvetica,sans-serif; font-size: small;\"><span style=\"font-family: arial,helvetica,sans-serif;\">Erich Erben<\/span><span style=\"font-family: arial,helvetica,sans-serif;\"> <strong><br \/>\nWohnort:<\/strong> Niederzier<\/span><span style=\"font-family: arial,helvetica,sans-serif;\"> <strong><br \/>\nBSG-Mitglied seit:<\/strong> Jan. 07<\/span><span style=\"font-family: arial,helvetica,sans-serif;\"> <strong><br \/>\nGolfclub:<\/strong> GC Drautal \/ Berg<\/span><span style=\"font-family: arial,helvetica,sans-serif;\"> <strong><br \/>\nTelefon:<\/strong> 02428 \u2013 1685<br \/>\n<\/span><strong>Mobil:<\/strong> 0172 \u2013 916 43 70<br \/>\n<strong>E-Mail:<\/strong> erich.erben@t-online.de<\/span><\/td>\n<\/tr>\n<tr>\n<td align=\"center\" valign=\"middle\">\u00a0<span style=\"font-family: arial,helvetica,sans-serif; font-size: small;\">Bitte Foto einsenden!<\/span><\/td>\n<td style=\"width: 350px; height: 120px;\"><span style=\"font-size: small;\"><span style=\"font-family: arial,helvetica,sans-serif;\">Patrick Fischer <strong><br \/>\nWohnort:<\/strong> Pulheim <strong><br \/>\nBSG-Mitglied seit:<\/strong> Apr. 15 <strong><br \/>\nGolfclub:<\/strong> Golf- und Landclub Schmitzhof<br \/>\n<\/span><\/span><\/td>\n<\/tr>\n<tr>\n<td align=\"center\" valign=\"middle\"><span style=\"font-family: arial,helvetica,sans-serif; font-size: small;\">Bitte Foto einsenden!<\/span><\/td>\n<td style=\"width: 350px; height: 120px;\"><span style=\"font-size: small;\"><span style=\"font-family: arial,helvetica,sans-serif;\">Dr. Christian Forkel<\/span><span style=\"font-family: arial,helvetica,sans-serif;\"> <strong><br \/>\nWohnort:<\/strong> Pulheim<\/span><span style=\"font-family: arial,helvetica,sans-serif;\"> <strong><br \/>\nBSG-Mitglied seit:<\/strong> Feb. 05<\/span><span style=\"font-family: arial,helvetica,sans-serif;\"> <strong><br \/>\nGolfclub:<\/strong> GC Erftaue<\/span><\/span><\/td>\n<\/tr>\n<tr>\n<td align=\"center\" valign=\"middle\"><span style=\"font-family: arial,helvetica,sans-serif; font-size: small;\">Bitte Foto einsenden!<\/span><\/td>\n<td style=\"width: 350px; height: 120px;\"><span style=\"font-size: small;\"><span style=\"font-family: arial,helvetica,sans-serif;\">Walli Sevenich<\/span><span style=\"font-family: arial,helvetica,sans-serif;\"><strong><br \/>\nWohnort:<\/strong> J\u00fclich<\/span><span style=\"font-family: arial,helvetica,sans-serif;\"> <strong><br \/>\nBSG-Mitglied seit:<\/strong> Apr. 15<\/span><span style=\"font-family: arial,helvetica,sans-serif;\"> <strong><br \/>\nGolfclub:<\/strong> Hamelner GolfClub<br \/>\n<\/span><\/span><\/td>\n<\/tr>\n<tr>\n<td align=\"center\" valign=\"middle\"><a href=\"http:\/\/www.rwepowergolf.de\/wp-content\/uploads\/Gaastra-Dirk.jpg\"><span style=\"font-family: arial,helvetica,sans-serif; font-size: small;\"><img loading=\"lazy\" decoding=\"async\" style=\"border: 0pt none;\" title=\"Gaastra-Dirk\" src=\"http:\/\/www.rwepowergolf.de\/wp-content\/uploads\/Gaastra-Dirk.jpg\" alt=\"\" width=\"76\" height=\"86\" \/><\/span><\/a><\/td>\n<td style=\"width: 350px; height: 120px;\"><span style=\"font-family: arial,helvetica,sans-serif; font-size: small;\"><span style=\"font-family: arial,helvetica,sans-serif;\">Dirk Gaastra<\/span><span style=\"font-family: arial,helvetica,sans-serif;\"> <strong><br \/>\nWohnort:<\/strong> Bergheim<\/span><span style=\"font-family: arial,helvetica,sans-serif;\"> <strong><br \/>\nBSG-Mitglied seit:<\/strong> Feb. 05<\/span><span style=\"font-family: arial,helvetica,sans-serif;\"> <strong><br \/>\nGolfclub:<\/strong> GC Am Alten Fliess<\/span><span style=\"font-family: arial,helvetica,sans-serif;\"> <strong><br \/>\nMobil:<\/strong> 0172 \u2013 282 54 48<br \/>\n<\/span><strong>E-Mail:<\/strong> dirk.gaastra@gmx.de<\/span><\/td>\n<\/tr>\n<tr>\n<td align=\"center\" valign=\"middle\"><span style=\"font-family: arial,helvetica,sans-serif; font-size: small;\">Bitte Foto einsenden!<\/span><\/td>\n<td style=\"width: 350px; height: 120px;\"><span style=\"font-size: small;\"><span style=\"font-family: arial,helvetica,sans-serif;\">Nils Gaastra<\/span><span style=\"font-family: arial,helvetica,sans-serif;\"> <strong><br \/>\nWohnort:<\/strong> Bergheim<\/span><span style=\"font-family: arial,helvetica,sans-serif;\"><br \/>\n<strong>BSG-Mitglied seit:<\/strong> Mrz. 11<\/span><span style=\"font-family: arial,helvetica,sans-serif;\"><br \/>\n<strong>Golfclub:<\/strong> GC Am Alten Fliess<\/span><\/span><\/td>\n<\/tr>\n<tr>\n<td align=\"center\" valign=\"middle\"><span style=\"font-family: arial,helvetica,sans-serif; font-size: small;\">Bitte Foto einsenden!<\/span><\/td>\n<td style=\"width: 350px; height: 120px;\"><span style=\"font-size: small;\"><span style=\"font-family: arial,helvetica,sans-serif;\">Heinz Giesen<\/span><span style=\"font-family: arial,helvetica,sans-serif;\"> <strong><br \/>\nWohnort:<\/strong> Erkelenz<\/span><span style=\"font-family: arial,helvetica,sans-serif;\"> <strong><br \/>\nBSG-Mitglied seit:<\/strong> Apr. 09<\/span><span style=\"font-family: arial,helvetica,sans-serif;\"> <strong><br \/>\nGolfclub:<\/strong> GC M\u00f6nchengladbach-Wanlo<\/span><\/span><\/td>\n<\/tr>\n<tr>\n<td align=\"center\" valign=\"middle\"><span style=\"font-family: arial,helvetica,sans-serif; font-size: small;\">Bitte Foto einsenden!<\/span><\/td>\n<td style=\"width: 350px; height: 120px;\"><span style=\"font-size: small;\"><span style=\"font-family: arial,helvetica,sans-serif;\">Peter H\u00e4user<\/span><span style=\"font-family: arial,helvetica,sans-serif;\"> <strong><br \/>\nWohnort:<\/strong> Erftstadt<\/span><span style=\"font-family: arial,helvetica,sans-serif;\"> <strong><br \/>\nBSG-Mitglied seit:<\/strong> Feb. 05<\/span><span style=\"font-family: arial,helvetica,sans-serif;\"> <strong><br \/>\nGolfclub:<\/strong> Golf Burg Konradsheim<\/span><\/span><\/td>\n<\/tr>\n<tr>\n<td align=\"center\" valign=\"middle\"><span style=\"font-family: arial,helvetica,sans-serif; font-size: small;\">Bitte Foto einsenden!<\/span><\/td>\n<td style=\"width: 350px; height: 120px;\"><span style=\"font-size: small;\"><span style=\"font-family: arial,helvetica,sans-serif;\">Jens Heimsath<\/span><span style=\"font-family: arial,helvetica,sans-serif;\"> <strong><br \/>\nWohnort:<\/strong> Bergheim<\/span><span style=\"font-family: arial,helvetica,sans-serif;\"> <strong><br \/>\nBSG-Mitglied seit:<\/strong> Aug. 09<\/span><span style=\"font-family: arial,helvetica,sans-serif;\"> <strong><br \/>\nGolfclub:<\/strong> Golfcity K\u00f6ln Pulheim<\/span><span style=\"font-family: arial,helvetica,sans-serif;\"> <strong><br \/>\nE-Mail:<\/strong> jens.heimsath@web.de<\/span><\/span><\/td>\n<\/tr>\n<tr>\n<td align=\"center\" valign=\"middle\"><span style=\"font-family: arial,helvetica,sans-serif; font-size: small;\">Bitte Foto einsenden!<\/span><\/td>\n<td style=\"width: 350px; height: 120px;\"><span style=\"font-size: small;\"><span style=\"font-family: arial,helvetica,sans-serif;\">J\u00f6rg Heimsath<\/span><span style=\"font-family: arial,helvetica,sans-serif;\"> <strong><br \/>\nWohnort:<\/strong> Bergheim<\/span><span style=\"font-family: arial,helvetica,sans-serif;\"> <strong><br \/>\nBSG-Mitglied seit:<\/strong> Mai. 05<\/span><span style=\"font-family: arial,helvetica,sans-serif;\"> <strong><br \/>\nGolfclub:<\/strong> K\u00f6lner GC<\/span><span style=\"font-family: arial,helvetica,sans-serif;\"><br \/>\n<strong>Mobil:<\/strong> 0172 \u2013 272 53 27<\/span><\/span><span style=\"font-family: arial,helvetica,sans-serif; font-size: small;\"> <strong><br \/>\nE-Mail:<\/strong> j.heimsath@web.de<\/span><\/td>\n<\/tr>\n<tr>\n<td align=\"center\" valign=\"middle\"><span style=\"font-family: arial,helvetica,sans-serif; font-size: small;\">Bitte Foto einsenden!<\/span><\/td>\n<td style=\"width: 350px; height: 120px;\"><span style=\"font-size: small;\"><span style=\"font-family: arial,helvetica,sans-serif;\">Susanne Heimsath<\/span><span style=\"font-family: arial,helvetica,sans-serif;\"> <strong><br \/>\nWohnort:<\/strong> Bergheim<\/span><span style=\"font-family: arial,helvetica,sans-serif;\"> <strong><br \/>\nBSG-Mitglied seit:<\/strong> Mrz. 13<\/span><span style=\"font-family: arial,helvetica,sans-serif;\"> <strong><br \/>\nGolfclub:<\/strong> K\u00f6lner GC<\/span><\/span><\/td>\n<\/tr>\n<tr>\n<td align=\"center\" valign=\"middle\"><span style=\"font-family: arial,helvetica,sans-serif; font-size: small;\">Bitte Foto einsenden!<\/span><\/td>\n<td style=\"width: 350px; height: 120px;\"><span style=\"font-size: small;\"><span style=\"font-family: arial,helvetica,sans-serif;\">Maria Hoffmann <strong><br \/>\nWohnort:<\/strong> Elsdorf <strong><br \/>\nBSG-Mitglied seit:<\/strong> Sept. 14 <strong><br \/>\nGolfclub:<\/strong> kein Clubmitglied<\/span><\/span><\/td>\n<\/tr>\n<tr>\n<td align=\"center\" valign=\"middle\"><span style=\"font-family: arial,helvetica,sans-serif; font-size: small;\">Bitte Foto einsenden!<\/span><\/td>\n<td style=\"width: 350px; height: 120px;\"><span style=\"font-size: small;\"><span style=\"font-family: arial,helvetica,sans-serif;\">Peter Hoffmann <strong><br \/>\nWohnort:<\/strong> Elsdorf <strong><br \/>\nBSG-Mitglied seit:<\/strong> Mrz. 06 <strong><br \/>\nGolfclub:<\/strong> GC M\u00f6nchengladbach-Wanlo<\/span><\/span><\/td>\n<\/tr>\n<tr>\n<td align=\"center\" valign=\"middle\"><span style=\"font-family: arial,helvetica,sans-serif; font-size: small;\">Bitte Foto einsenden!<\/span><\/td>\n<td style=\"width: 350px; height: 120px;\"><span style=\"font-size: small;\"><span style=\"font-family: arial,helvetica,sans-serif;\">Heinrich H\u00f6lscher <strong><br \/>\nWohnort:<\/strong> Ahaus <strong><br \/>\nBSG-Mitglied seit:<\/strong> Apr. 10 <strong><br \/>\nGolfclub:<\/strong> kein Clubmitglied<\/span><\/span><\/td>\n<\/tr>\n<tr>\n<td align=\"center\" valign=\"middle\"><a href=\"http:\/\/www.rwepowergolf.de\/wp-content\/uploads\/H\u00fcrter-Kurt.jpg\"><span style=\"font-family: arial,helvetica,sans-serif; font-size: small;\"><img loading=\"lazy\" decoding=\"async\" style=\"border: 0pt none;\" title=\"H\u00fcrter-Kurt\" src=\"http:\/\/www.rwepowergolf.de\/wp-content\/uploads\/H\u00fcrter-Kurt.jpg\" alt=\"\" width=\"76\" height=\"90\" \/><\/span><\/a><\/td>\n<td style=\"width: 350px; height: 120px;\"><span style=\"font-size: small;\"><span style=\"font-family: arial,helvetica,sans-serif;\">Kurt H\u00fcrter<\/span><span style=\"font-family: arial,helvetica,sans-serif;\"> <strong><br \/>\nWohnort:<\/strong> Glees<\/span><span style=\"font-family: arial,helvetica,sans-serif;\"> <strong><br \/>\nBSG-Mitglied seit:<\/strong> Jul. 10<\/span><span style=\"font-family: arial,helvetica,sans-serif;\"> <strong><br \/>\nGolfclub:<\/strong> GA R\u00f6merhof GmbH<\/span><span style=\"font-family: arial,helvetica,sans-serif;\"> <strong><br \/>\nMobil:<\/strong> 0177 \u2013 692 97 73<\/span><\/span><span style=\"font-family: arial,helvetica,sans-serif; font-size: small;\"> <strong><br \/>\nE-Mail:<\/strong> kurt.huerter@rwe.com<\/span><\/td>\n<\/tr>\n<tr>\n<td align=\"center\" valign=\"middle\"><span style=\"font-family: arial,helvetica,sans-serif; font-size: small;\">Bitte Foto einsenden!<\/span><\/td>\n<td style=\"width: 350px; height: 120px;\"><span style=\"font-size: small;\"><span style=\"font-family: arial,helvetica,sans-serif;\">Tim Jaetzel<\/span><span style=\"font-family: arial,helvetica,sans-serif;\"> <strong><br \/>\nWohnort:<\/strong> K\u00f6ln<\/span><span style=\"font-family: arial,helvetica,sans-serif;\"> <strong><br \/>\nBSG-Mitglied seit:<\/strong> Mai. 05<\/span><span style=\"font-family: arial,helvetica,sans-serif;\"> <strong><br \/>\nGolfclub:<\/strong> kein Clubmitglied<\/span><\/span><\/td>\n<\/tr>\n<tr>\n<td align=\"center\" valign=\"middle\"><a href=\"http:\/\/www.rwepowergolf.de\/wp-content\/uploads\/Joussen-Birgid.jpg\"><span style=\"font-family: arial,helvetica,sans-serif; font-size: small;\"><img loading=\"lazy\" decoding=\"async\" style=\"border: 0pt none;\" title=\"Joussen-Birgid\" src=\"http:\/\/www.rwepowergolf.de\/wp-content\/uploads\/Joussen-Birgid.jpg\" alt=\"\" width=\"76\" height=\"87\" \/><\/span><\/a><\/td>\n<td style=\"width: 350px; height: 120px;\"><span style=\"font-size: small;\"><span style=\"font-family: arial,helvetica,sans-serif;\">Birgid Jou\u00dfen<\/span><span style=\"font-family: arial,helvetica,sans-serif;\"> <strong><br \/>\nWohnort:<\/strong> M\u00f6nchengladbach<\/span><span style=\"font-family: arial,helvetica,sans-serif;\"> <strong><br \/>\nBSG-Mitglied seit:<\/strong> Aug. 09<\/span><span style=\"font-family: arial,helvetica,sans-serif;\"> <strong><br \/>\nGolfclub:<\/strong> GC M\u00f6nchengladbach-Wanlo<\/span><\/span><\/td>\n<\/tr>\n<tr>\n<td align=\"center\" valign=\"middle\"><span style=\"font-family: arial,helvetica,sans-serif; font-size: small;\">Bitte Foto einsenden!<\/span><\/td>\n<td style=\"width: 350px; height: 120px;\"><span style=\"font-size: small;\"><span style=\"font-family: arial,helvetica,sans-serif;\">Dr. Eckard Jou\u00dfen<\/span><span style=\"font-family: arial,helvetica,sans-serif;\"> <strong><br \/>\nWohnort:<\/strong> M\u00f6nchengladbach<\/span><span style=\"font-family: arial,helvetica,sans-serif;\"> <strong><br \/>\nBSG-Mitglied seit:<\/strong> Aug. 09<\/span><span style=\"font-family: arial,helvetica,sans-serif;\"> <strong><br \/>\nGolfclub:<\/strong> GC M\u00f6nchengladbach-Wanlo<\/span><\/span><\/td>\n<\/tr>\n<tr>\n<td align=\"center\" valign=\"middle\"><a href=\"http:\/\/www.rwepowergolf.de\/wp-content\/uploads\/Justen-Dieter.jpg\"><span style=\"font-family: arial,helvetica,sans-serif; font-size: small;\"><img loading=\"lazy\" decoding=\"async\" style=\"border: 0pt none;\" title=\"Justen-Dieter\" src=\"http:\/\/www.rwepowergolf.de\/wp-content\/uploads\/Justen-Dieter.jpg\" alt=\"\" width=\"74\" height=\"91\" \/><\/span><\/a><\/td>\n<td style=\"width: 350px; height: 120px;\"><span style=\"font-size: small;\"><span style=\"font-family: arial,helvetica,sans-serif;\">Dieter Justen<\/span><span style=\"font-family: arial,helvetica,sans-serif;\"> <strong><br \/>\nWohnort:<\/strong> Erkelenz<\/span><span style=\"font-family: arial,helvetica,sans-serif;\"> <strong><br \/>\nBSG-Mitglied seit:<\/strong> Mai. 05<\/span><span style=\"font-family: arial,helvetica,sans-serif;\"> <strong><br \/>\nGolfclub:<\/strong> GC M\u00f6nchengladbach-Wanlo<\/span><\/span><\/td>\n<\/tr>\n<tr>\n<td align=\"center\" valign=\"middle\"><span style=\"font-family: arial,helvetica,sans-serif; font-size: small;\">Bitte Foto einsenden!<\/span><\/td>\n<td style=\"width: 350px; height: 120px;\"><span style=\"font-size: small;\"><span style=\"font-family: arial,helvetica,sans-serif;\">Klaus Kappius <strong><br \/>\nWohnort:<\/strong> Wuppertal <strong><br \/>\nBSG-Mitglied seit:<\/strong> Jan. 13 <strong><br \/>\nGolfclub:<\/strong> GC M\u00f6nchengladbach-Wanlo<br \/>\n<\/span><\/span><\/td>\n<\/tr>\n<tr>\n<td align=\"center\" valign=\"middle\">\u00a0<span style=\"font-family: arial,helvetica,sans-serif; font-size: small;\">Bitte Foto einsenden!<\/span><\/td>\n<td style=\"width: 350px; height: 120px;\"><span style=\"font-size: small;\"><span style=\"font-family: arial,helvetica,sans-serif;\">Dieter Kessler <strong><br \/>\nWohnort:<\/strong> <strong><br \/>\nBSG-Mitglied seit:<\/strong> Jul. 15 <strong><br \/>\nGolfclub:<\/strong> GC D\u00fcren<\/span><\/span><\/td>\n<\/tr>\n<tr>\n<td align=\"center\" valign=\"middle\"><a href=\"http:\/\/www.rwepowergolf.de\/wp-content\/uploads\/Kintzel-Manfred.jpg\"><span style=\"font-family: arial,helvetica,sans-serif; font-size: small;\"><img loading=\"lazy\" decoding=\"async\" style=\"border: 0pt none;\" title=\"Kintzel-Manfred\" src=\"http:\/\/www.rwepowergolf.de\/wp-content\/uploads\/Kintzel-Manfred.jpg\" alt=\"\" width=\"73\" height=\"91\" \/><\/span><\/a><\/td>\n<td style=\"width: 350px; height: 120px;\"><span style=\"font-size: small;\"><span style=\"font-family: arial,helvetica,sans-serif;\">Manfred Kintzel<\/span><span style=\"font-family: arial,helvetica,sans-serif;\"> <strong><br \/>\nWohnort:<\/strong> D\u00fcren<\/span><span style=\"font-family: arial,helvetica,sans-serif;\"> <strong><br \/>\nBSG-Mitglied seit:<\/strong> Feb. 08<\/span><span style=\"font-family: arial,helvetica,sans-serif;\"> <strong><br \/>\nGolfclub:<\/strong> GC M\u00f6nchengladbach-Wanlo<\/span><span style=\"font-family: arial,helvetica,sans-serif;\"> <strong><br \/>\nMobil:<\/strong> 0171 \u2013 624 81 46<\/span><\/span><span style=\"font-family: arial,helvetica,sans-serif; font-size: small;\"> <strong><br \/>\nE-Mail:<\/strong> manfred.kintzel@rwe.com<\/span><\/td>\n<\/tr>\n<tr>\n<td align=\"center\" valign=\"middle\"><span style=\"font-family: arial,helvetica,sans-serif; font-size: small;\">Bitte Foto einsenden!<\/span><\/td>\n<td style=\"width: 350px; height: 120px;\"><span style=\"font-size: small;\"><span style=\"font-family: arial,helvetica,sans-serif;\">Holger Koch<\/span><span style=\"font-family: arial,helvetica,sans-serif;\"> <strong><br \/>\nWohnort:<\/strong> Alsdorf<\/span><span style=\"font-family: arial,helvetica,sans-serif;\"> <strong><br \/>\nBSG-Mitglied seit:<\/strong> Jul. 11<\/span><span style=\"font-family: arial,helvetica,sans-serif;\"> <strong><br \/>\nGolfclub:<\/strong> GC Schloss Miel<br \/>\n<\/span><\/span><\/td>\n<\/tr>\n<tr>\n<td align=\"center\" valign=\"middle\"><span style=\"font-family: arial,helvetica,sans-serif; font-size: small;\">Bitte Foto einsenden!<\/span><\/td>\n<td style=\"width: 350px; height: 120px;\"><span style=\"font-size: small;\"><span style=\"font-family: arial,helvetica,sans-serif;\">Peter Koch<\/span><span style=\"font-family: arial,helvetica,sans-serif;\"> <strong><br \/>\nWohnort:<\/strong> Dormagen<\/span><span style=\"font-family: arial,helvetica,sans-serif;\"> <strong><br \/>\nBSG-Mitglied seit:<\/strong> Feb. 05<\/span><span style=\"font-family: arial,helvetica,sans-serif;\"><br \/>\n<strong>Golfclub:<\/strong> kein Clubmitglied<\/span><\/span><\/td>\n<\/tr>\n<tr>\n<td align=\"center\" valign=\"middle\"><span style=\"font-family: arial,helvetica,sans-serif; font-size: small;\">Bitte Foto einsenden!<\/span><\/td>\n<td style=\"width: 350px; height: 120px;\"><span style=\"font-size: small;\"><span style=\"font-family: arial,helvetica,sans-serif;\">Eduard Kochs<\/span><span style=\"font-family: arial,helvetica,sans-serif;\"><br \/>\n<strong>Wohnort:<\/strong> Erkelenz<\/span><span style=\"font-family: arial,helvetica,sans-serif;\"> <strong><br \/>\nBSG-Mitglied seit:<\/strong> Aug. 11<\/span><span style=\"font-family: arial,helvetica,sans-serif;\"> <strong><br \/>\nGolfclub:<\/strong> GC M\u00f6nchengladbach-Wanlo<\/span><\/span><\/td>\n<\/tr>\n<tr>\n<td align=\"center\" valign=\"middle\"><span style=\"font-family: arial,helvetica,sans-serif; font-size: small;\">Bitte Foto einsenden!<\/span><\/td>\n<td style=\"width: 350px; height: 120px;\"><span style=\"font-size: small;\"><span style=\"font-family: arial,helvetica,sans-serif;\">Wolfgang Kochs<\/span><span style=\"font-family: arial,helvetica,sans-serif;\"> <strong><br \/>\nWohnort:<\/strong> Titz<\/span><span style=\"font-family: arial,helvetica,sans-serif;\"> <strong><br \/>\nBSG-Mitglied seit:<\/strong> Mrz. 10<\/span><span style=\"font-family: arial,helvetica,sans-serif;\"> <strong><br \/>\nGolfclub:<\/strong> kein Clubmitglied<\/span><\/span><\/td>\n<\/tr>\n<tr>\n<td align=\"center\" valign=\"middle\"><span style=\"font-family: arial,helvetica,sans-serif; font-size: small;\">Bitte Foto einsenden!<\/span><\/td>\n<td style=\"width: 350px; height: 120px;\"><span style=\"font-size: small;\"><span style=\"font-family: arial,helvetica,sans-serif;\">Angelika Koenigs<\/span><span style=\"font-family: arial,helvetica,sans-serif;\"> <strong><br \/>\nWohnort:<\/strong> Merzenich<\/span><span style=\"font-family: arial,helvetica,sans-serif;\"> <strong><br \/>\nBSG-Mitglied seit:<\/strong> Mrz. 05<\/span><span style=\"font-family: arial,helvetica,sans-serif;\"> <strong><br \/>\nGolfclub:<\/strong> GC Drautal \/ Berg<\/span><\/span><\/td>\n<\/tr>\n<tr>\n<td align=\"center\" valign=\"middle\"><span style=\"font-family: arial,helvetica,sans-serif; font-size: small;\">Bitte Foto einsenden!<\/span><\/td>\n<td style=\"width: 350px; height: 120px;\"><span style=\"font-size: small;\"><span style=\"font-family: arial,helvetica,sans-serif;\">Werner Koenigs<\/span><span style=\"font-family: arial,helvetica,sans-serif;\"> <strong><br \/>\nWohnort:<\/strong> Merzenich<\/span><span style=\"font-family: arial,helvetica,sans-serif;\"> <strong><br \/>\nBSG-Mitglied seit:<\/strong> Mrz. 05<\/span><span style=\"font-family: arial,helvetica,sans-serif;\"> <strong><br \/>\nGolfclub:<\/strong> GC Drautal \/ Berg<\/span><\/span><\/td>\n<\/tr>\n<tr>\n<td align=\"center\" valign=\"middle\"><span style=\"font-family: arial,helvetica,sans-serif; font-size: small;\">Bitte Foto einsenden!<\/span><\/td>\n<td style=\"width: 350px; height: 120px;\"><span style=\"font-size: small;\"><span style=\"font-family: arial,helvetica,sans-serif;\">Jutta Koepchen<\/span><span style=\"font-family: arial,helvetica,sans-serif;\">\u00a0<strong><br \/>\nWohnort:<\/strong> <strong>Wuppertal<\/strong><\/span><span style=\"font-family: arial,helvetica,sans-serif;\"><strong><br \/>\nBSG-Mitglied seit:<\/strong> Mrz. 14<\/span><span style=\"font-family: arial,helvetica,sans-serif;\"> <strong><br \/>\nGolfclub:<\/strong> Gut Frielinghausen<br \/>\n<\/span><\/span><\/td>\n<\/tr>\n<tr>\n<td align=\"center\" valign=\"middle\"><span style=\"font-family: arial,helvetica,sans-serif; font-size: small;\">Bitte Foto einsenden!<\/span><\/td>\n<td style=\"width: 350px; height: 120px;\"><span style=\"font-size: small;\"><span style=\"font-family: arial,helvetica,sans-serif;\">Johannes K\u00f6ll <strong><br \/>\nWohnort:<\/strong> Schleiden <strong><br \/>\nBSG-Mitglied seit:<\/strong> Jan. 16 <strong><br \/>\nGolfclub:<\/strong> GC Burg Zievel<br \/>\n<\/span><\/span><\/td>\n<\/tr>\n<tr>\n<td align=\"center\" valign=\"middle\"><span style=\"font-family: arial,helvetica,sans-serif; font-size: small;\">Bitte Foto einsenden!<\/span><\/td>\n<td style=\"width: 350px; height: 120px;\"><span style=\"font-size: small;\"><span style=\"font-family: arial,helvetica,sans-serif;\">Walter K\u00f6nig<strong><br \/>\nWohnort:<\/strong> Frechen <strong><br \/>\nBSG-Mitglied seit:<\/strong> Feb. 09 <strong><br \/>\nGolfclub:<\/strong> GC Am Alten Fliess<\/span><\/span><\/td>\n<\/tr>\n<tr>\n<td align=\"center\" valign=\"middle\"><span style=\"font-family: arial,helvetica,sans-serif; font-size: small;\">Bitte Foto einsenden!<\/span><\/td>\n<td style=\"width: 350px; height: 120px;\"><span style=\"font-size: small;\"><span style=\"font-family: arial,helvetica,sans-serif;\">Ingo Koninkx <strong><br \/>\nWohnort:<\/strong> J\u00fcchen <strong><br \/>\nBSG-Mitglied seit:<\/strong> Jan. 13 <strong><br \/>\n<\/strong><strong>Golfclub:<\/strong> Hamelner Golfclub<strong><br \/>\nMobil:<\/strong> 0172 \u2013 299 94 42 <strong><br \/>\nE-Mail:<\/strong> ingo.koninkx@t-online.de<\/span><\/span><\/td>\n<\/tr>\n<tr>\n<td align=\"center\" valign=\"middle\"><a href=\"http:\/\/www.rwepowergolf.de\/wp-content\/uploads\/Rudi-2.jpg\"><span style=\"font-family: arial,helvetica,sans-serif; font-size: small;\"><img decoding=\"async\" style=\"border: 0pt none;\" title=\"K\u00f6ntgen-Rudolf\" src=\"http:\/\/www.rwepowergolf.de\/wp-content\/uploads\/Rudi-2.jpg\" alt=\"\" \/><\/span><\/a><\/td>\n<td style=\"width: 350px; height: 120px;\"><span style=\"font-size: small;\"><span style=\"font-family: arial,helvetica,sans-serif;\">Rudolf K\u00f6ntgen<\/span><span style=\"font-family: arial,helvetica,sans-serif;\"> <strong><br \/>\nWohnort:<\/strong> Bedburg<\/span><span style=\"font-family: arial,helvetica,sans-serif;\"> <strong><br \/>\nBSG-Mitglied seit:<\/strong> Feb. 05<\/span><span style=\"font-family: arial,helvetica,sans-serif;\"> <strong><br \/>\nGolfclub:<\/strong> GC Drautal \/ Berg<\/span><\/span><\/td>\n<\/tr>\n<tr>\n<td align=\"center\" valign=\"middle\"><a href=\"http:\/\/www.rwepowergolf.de\/wp-content\/uploads\/K\u00f6ntgen-Ruth-2.jpg\"><span style=\"font-family: arial,helvetica,sans-serif; font-size: small;\"><img loading=\"lazy\" decoding=\"async\" style=\"border: 0pt none;\" title=\"K\u00f6ntgen-Ruth\" src=\"http:\/\/www.rwepowergolf.de\/wp-content\/uploads\/K\u00f6ntgen-Ruth-2.jpg\" alt=\"\" width=\"75\" height=\"91\" \/><\/span><\/a><\/td>\n<td style=\"width: 350px; height: 120px;\"><span style=\"font-size: small;\"><span style=\"font-family: arial,helvetica,sans-serif;\">Ruth K\u00f6ntgen<\/span><span style=\"font-family: arial,helvetica,sans-serif;\"> <strong><br \/>\nWohnort:<\/strong> Bedburg<\/span><span style=\"font-family: arial,helvetica,sans-serif;\"> <strong><br \/>\nBSG-Mitglied seit:<\/strong> Feb. 05<\/span><span style=\"font-family: arial,helvetica,sans-serif;\"> <strong><br \/>\nGolfclub:<\/strong> GC Drautal \/ Berg<\/span><\/span><\/td>\n<\/tr>\n<tr>\n<td align=\"center\" valign=\"middle\"><span style=\"font-family: arial,helvetica,sans-serif; font-size: small;\">Bitte Foto einsenden!<\/span><\/td>\n<td style=\"width: 350px; height: 120px;\"><span style=\"font-size: small;\"><span style=\"font-family: arial,helvetica,sans-serif;\">Lutz K\u00f6pke<\/span><span style=\"font-family: arial,helvetica,sans-serif;\"> <strong><br \/>\nWohnort:<\/strong> Bergheim<\/span><span style=\"font-family: arial,helvetica,sans-serif;\"> <strong><br \/>\nBSG-Mitglied seit:<\/strong> Jan. 06<\/span><span style=\"font-family: arial,helvetica,sans-serif;\"> <strong><br \/>\nGolfclub:<\/strong> Euro Golfclub 2000<\/span><\/span><\/td>\n<\/tr>\n<tr>\n<td align=\"center\" valign=\"middle\"><span style=\"font-family: arial,helvetica,sans-serif; font-size: small;\">Bitte Foto einsenden!<\/span><\/td>\n<td style=\"width: 350px; height: 120px;\"><span style=\"font-size: small;\"><span style=\"font-family: arial,helvetica,sans-serif;\">Walter Krudewig<\/span><span style=\"font-family: arial,helvetica,sans-serif;\"> <strong><br \/>\nWohnort:<\/strong> D\u00fcren<\/span><span style=\"font-family: arial,helvetica,sans-serif;\"> <strong><br \/>\nBSG-Mitglied seit:<\/strong> Feb. 05<\/span><span style=\"font-family: arial,helvetica,sans-serif;\"> <strong><br \/>\nGolfclub:<\/strong> kein Clubmitglied<\/span><\/span><\/td>\n<\/tr>\n<tr>\n<td align=\"center\" valign=\"middle\"><span style=\"font-family: arial,helvetica,sans-serif; font-size: small;\">Bitte Foto einsenden!<\/span><\/td>\n<td style=\"width: 350px; height: 120px;\"><span style=\"font-size: small;\"><span style=\"font-family: arial,helvetica,sans-serif;\">Hedwig Kunde<\/span><span style=\"font-family: arial,helvetica,sans-serif;\"> <strong><br \/>\nWohnort:<\/strong> Grevenbroich<\/span><span style=\"font-family: arial,helvetica,sans-serif;\"> <strong><br \/>\nBSG-Mitglied seit:<\/strong> Mrz. 05<\/span><span style=\"font-family: arial,helvetica,sans-serif;\"> <strong><br \/>\nGolfclub:<\/strong> GC Drautal \/ Berg<\/span><\/span><\/td>\n<\/tr>\n<tr>\n<td align=\"center\" valign=\"middle\"><a href=\"http:\/\/www.rwepowergolf.de\/wp-content\/uploads\/Kunde-Lutz.jpg\"><span style=\"font-family: arial,helvetica,sans-serif; font-size: small;\"><img loading=\"lazy\" decoding=\"async\" style=\"border: 0pt none;\" title=\"Kunde-Lutz\" src=\"http:\/\/www.rwepowergolf.de\/wp-content\/uploads\/Kunde-Lutz.jpg\" alt=\"\" width=\"72\" height=\"91\" \/><\/span><\/a><\/td>\n<td style=\"width: 350px; height: 120px;\"><span style=\"font-size: small;\"><span style=\"font-family: arial,helvetica,sans-serif;\">Lutz Kunde<\/span><span style=\"font-family: arial,helvetica,sans-serif;\"> <strong><br \/>\nWohnort:<\/strong> Grevenbroich<\/span><span style=\"font-family: arial,helvetica,sans-serif;\"> <strong><br \/>\nBSG-Mitglied seit:<\/strong> Mrz. 05<\/span><span style=\"font-family: arial,helvetica,sans-serif;\"> <strong><br \/>\nGolfclub:<\/strong> GC Drautal \/ Berg<\/span><span style=\"font-family: arial,helvetica,sans-serif;\"> <strong><br \/>\nTelefon:<\/strong> 02181 \u2013 237-400 00<\/span><\/span><span style=\"font-family: arial,helvetica,sans-serif; font-size: small;\"> <strong><br \/>\nE-Mail:<\/strong> lutz.kunde@rwe.com<\/span><\/td>\n<\/tr>\n<tr>\n<td align=\"center\" valign=\"middle\"><span style=\"font-family: arial,helvetica,sans-serif; font-size: small;\">Bitte Foto einsenden!<\/span><\/td>\n<td style=\"width: 350px; height: 120px;\"><span style=\"font-size: small;\"><span style=\"font-family: arial,helvetica,sans-serif;\">Wilfried Lambertz<\/span><span style=\"font-family: arial,helvetica,sans-serif;\"> <strong><br \/>\nWohnort:<\/strong> Titz<\/span><span style=\"font-family: arial,helvetica,sans-serif;\"> <strong><br \/>\nBSG-Mitglied seit:<\/strong> Sep. 11<\/span><span style=\"font-family: arial,helvetica,sans-serif;\"> <strong><br \/>\nGolfclub:<\/strong> GC M\u00f6nchengladbach-Wanlo<\/span><\/span><\/td>\n<\/tr>\n<tr>\n<td align=\"center\" valign=\"middle\"><span style=\"font-family: arial,helvetica,sans-serif; font-size: small;\">Bitte Foto einsenden!<\/span><\/td>\n<td style=\"width: 350px; height: 120px;\"><span style=\"font-size: small;\"><span style=\"font-family: arial,helvetica,sans-serif;\">Gregor Langen<\/span><span style=\"font-family: arial,helvetica,sans-serif;\"> <strong><br \/>\nWohnort:<\/strong> K\u00f6ln<\/span><span style=\"font-family: arial,helvetica,sans-serif;\"> <strong><br \/>\nBSG-Mitglied seit:<\/strong> Jan. 11<\/span><span style=\"font-family: arial,helvetica,sans-serif;\"> <strong><br \/>\nGolfclub:<\/strong> GA Gerhelm<\/span><\/span><\/td>\n<\/tr>\n<tr>\n<td align=\"center\" valign=\"middle\"><span style=\"font-family: arial,helvetica,sans-serif; font-size: small;\">Bitte Foto einsenden!<\/span><\/td>\n<td style=\"width: 350px; height: 120px;\"><span style=\"font-size: small;\"><span style=\"font-family: arial,helvetica,sans-serif;\">Heike Langen<\/span><span style=\"font-family: arial,helvetica,sans-serif;\"> <strong><br \/>\nWohnort:<\/strong> K\u00f6ln<\/span><span style=\"font-family: arial,helvetica,sans-serif;\"> <strong><br \/>\nBSG-Mitglied seit:<\/strong> Jan. 11<\/span><span style=\"font-family: arial,helvetica,sans-serif;\"> <strong><br \/>\nGolfclub:<\/strong> GA Gerhelm<\/span><\/span><\/td>\n<\/tr>\n<tr>\n<td align=\"center\" valign=\"middle\"><span style=\"font-family: arial,helvetica,sans-serif; font-size: small;\">Bitte Foto einsenden!<\/span><\/td>\n<td style=\"width: 350px; height: 120px;\"><span style=\"font-size: small;\"><span style=\"font-family: arial,helvetica,sans-serif;\">Gaby Lau<\/span><span style=\"font-family: arial,helvetica,sans-serif;\"> <strong><br \/>\nWohnort:<\/strong> Grevenbroich<\/span><span style=\"font-family: arial,helvetica,sans-serif;\"> <strong><br \/>\nBSG-Mitglied seit:<\/strong> Mrz. 05<\/span><span style=\"font-family: arial,helvetica,sans-serif;\"> <strong><br \/>\nGolfclub:<\/strong> kein Clubmitglied<\/span><\/span><\/td>\n<\/tr>\n<tr>\n<td align=\"center\" valign=\"middle\"><span style=\"font-family: arial,helvetica,sans-serif; font-size: small;\">Bitte Foto einsenden!<\/span><\/td>\n<td style=\"width: 350px; height: 120px;\"><span style=\"font-size: small;\"><span style=\"font-family: arial,helvetica,sans-serif;\">Ulrich Lau<\/span><span style=\"font-family: arial,helvetica,sans-serif;\"><br \/>\n<strong>Wohnort:<\/strong> Grevenbroich<\/span><span style=\"font-family: arial,helvetica,sans-serif;\"> <strong><br \/>\nBSG-Mitglied seit:<\/strong> Feb. 05<\/span><span style=\"font-family: arial,helvetica,sans-serif;\"><br \/>\n<strong>Golfclub:<\/strong> kein Clubmitglied<\/span><\/span><\/td>\n<\/tr>\n<tr>\n<td align=\"center\" valign=\"middle\"><span style=\"font-family: arial,helvetica,sans-serif; font-size: small;\">Bitte Foto einsenden!<\/span><\/td>\n<td style=\"width: 350px; height: 120px;\"><span style=\"font-size: small;\"><span style=\"font-family: arial,helvetica,sans-serif;\">Klaus Lohde<\/span><span style=\"font-family: arial,helvetica,sans-serif;\"> <strong><br \/>\nWohnort:<\/strong> Bonn<\/span><span style=\"font-family: arial,helvetica,sans-serif;\"> <strong><br \/>\nBSG-Mitglied seit:<\/strong> Feb. 09<\/span><span style=\"font-family: arial,helvetica,sans-serif;\"><br \/>\n<strong>Golfclub:<\/strong> GA R\u00f6merhof GmbH<\/span><span style=\"font-family: arial,helvetica,sans-serif;\"><br \/>\n<strong>Telefon:<\/strong> 0221 \u2013 480 228 64<\/span><\/span><span style=\"font-family: arial,helvetica,sans-serif; font-size: small;\"> <strong><br \/>\nE-Mail:<\/strong> klaus.lohde@rwe.com<\/span><\/td>\n<\/tr>\n<tr>\n<td align=\"center\" valign=\"middle\"><span style=\"font-family: arial,helvetica,sans-serif; font-size: small;\">Bitte Foto einsenden!<\/span><\/td>\n<td style=\"width: 350px; height: 120px;\"><span style=\"font-size: small;\"><span style=\"font-family: arial,helvetica,sans-serif;\">Thomas L\u00fcders<\/span><span style=\"font-family: arial,helvetica,sans-serif;\"> <strong><br \/>\nWohnort:<\/strong> Grevenbroich<\/span><span style=\"font-family: arial,helvetica,sans-serif;\"><strong><br \/>\nBSG-Mitglied seit:<\/strong> Aug. 06<\/span><span style=\"font-family: arial,helvetica,sans-serif;\"> <strong><br \/>\nGolfclub:<\/strong> GC M\u00f6nchengladbach-Wanlo<\/span><span style=\"font-family: arial,helvetica,sans-serif;\"> <strong><br \/>\nMobil:<\/strong> 0152 \u2013 088 124 42<\/span><\/span><\/td>\n<\/tr>\n<tr>\n<td align=\"center\" valign=\"middle\">\u00a0<a href=\"http:\/\/www.rwepowergolf.de\/wp-content\/uploads\/Meisen-Dietmar.jpg\"><img loading=\"lazy\" decoding=\"async\" style=\"border: 0pt none;\" title=\"Meisen-Dietmar\" src=\"http:\/\/www.rwepowergolf.de\/wp-content\/uploads\/Meisen-Dietmar.jpg\" alt=\"\" width=\"76\" height=\"92\" \/><\/a><\/td>\n<td style=\"width: 350px; height: 120px;\"><span style=\"font-size: small;\"><span style=\"font-family: arial,helvetica,sans-serif;\">Dietmar Meisen<strong style=\"font-family: arial,helvetica,sans-serif;\"><br \/>\nWohnort:<\/strong> Eschweiler <strong><br \/>\nBSG-Mitglied seit:<\/strong> Aug. 12 <strong><br \/>\nGolfclub:<\/strong> VcG <strong><br \/>\nE-Mail:<\/strong> dietmar@meisenweb.de<\/span><\/span><\/td>\n<\/tr>\n<tr>\n<td align=\"center\" valign=\"middle\"><a href=\"http:\/\/www.rwepowergolf.de\/wp-content\/uploads\/M\u00fcller-Christa.jpg\"><span style=\"font-family: arial,helvetica,sans-serif; font-size: small;\"><img loading=\"lazy\" decoding=\"async\" style=\"border: 0pt none;\" title=\"M\u00fcller-Christa\" src=\"http:\/\/www.rwepowergolf.de\/wp-content\/uploads\/M\u00fcller-Christa.jpg\" alt=\"\" width=\"76\" height=\"89\" \/><\/span><\/a><\/td>\n<td style=\"width: 350px; height: 120px;\"><span style=\"font-size: small;\"><span style=\"font-family: arial,helvetica,sans-serif;\">Christa M\u00fcller<\/span><span style=\"font-family: arial,helvetica,sans-serif;\"> <strong><br \/>\nWohnort:<\/strong> Br\u00fchl<\/span><span style=\"font-family: arial,helvetica,sans-serif;\"> <strong><br \/>\nBSG-Mitglied seit:<\/strong> Jan. 10<\/span><span style=\"font-family: arial,helvetica,sans-serif;\"> <strong><br \/>\nGolfclub:<\/strong> GA R\u00f6merhof GmbH<\/span><span style=\"font-family: arial,helvetica,sans-serif;\"> <strong><br \/>\nE-Mail:<\/strong> christa.mueller@rwe.com<\/span><\/span><\/td>\n<\/tr>\n<tr>\n<td align=\"center\" valign=\"middle\"><a href=\"http:\/\/www.rwepowergolf.de\/wp-content\/uploads\/M\u00fcller-Reinhard-2.jpg\"><span style=\"font-family: arial,helvetica,sans-serif; font-size: small;\"><img loading=\"lazy\" decoding=\"async\" style=\"border: 0pt none;\" title=\"M\u00fcller-Reinhard\" src=\"http:\/\/www.rwepowergolf.de\/wp-content\/uploads\/M\u00fcller-Reinhard-2.jpg\" alt=\"\" width=\"76\" height=\"89\" \/><\/span><\/a><\/td>\n<td style=\"width: 350px; height: 120px;\"><span style=\"font-size: small;\"><span style=\"font-family: arial,helvetica,sans-serif;\">Reinhard M\u00fcller<\/span><span style=\"font-family: arial,helvetica,sans-serif;\"> <strong><br \/>\nWohnort:<\/strong> Br\u00fchl<\/span><span style=\"font-family: arial,helvetica,sans-serif;\"> <strong><br \/>\nBSG-Mitglied seit:<\/strong> Jan. 10<\/span><span style=\"font-family: arial,helvetica,sans-serif;\"> <strong><br \/>\nGolfclub:<\/strong> GA R\u00f6merhof GmbH<\/span><span style=\"font-family: arial,helvetica,sans-serif;\"> <strong><br \/>\nE-Mail:<\/strong> reinhard.rm.mueller@googlemail.com<\/span><\/span><\/td>\n<\/tr>\n<tr>\n<td align=\"center\" valign=\"middle\"><a href=\"http:\/\/www.rwepowergolf.de\/wp-content\/uploads\/Josef_Niepel.jpg\"><span style=\"font-family: arial,helvetica,sans-serif; font-size: small;\"><img decoding=\"async\" style=\"border: 0pt none;\" title=\"Niepel-Josef\" src=\"http:\/\/www.rwepowergolf.de\/wp-content\/uploads\/Josef_Niepel.jpg\" alt=\"\" \/><\/span><\/a><\/td>\n<td style=\"width: 350px; height: 120px;\"><span style=\"font-size: small;\"><span style=\"font-family: arial,helvetica,sans-serif;\">Josef Niepel<\/span><span style=\"font-family: arial,helvetica,sans-serif;\"> <strong><br \/>\nWohnort:<\/strong> K\u00f6ln<\/span><span style=\"font-family: arial,helvetica,sans-serif;\"> <strong><br \/>\nBSG-Mitglied seit:<\/strong> Mai. 08<\/span><span style=\"font-family: arial,helvetica,sans-serif;\"> <strong><br \/>\nGolfclub:<\/strong> Dolomitengolf \/ Osttirol<\/span><span style=\"font-family: arial,helvetica,sans-serif;\"> <strong><br \/>\nMobil:<\/strong> 0172 \u2013 514 40 90<\/span><\/span><span style=\"font-family: arial,helvetica,sans-serif; font-size: small;\"> <strong><br \/>\nE-Mail:<\/strong> josef.niepel@gmx.de<\/span><\/td>\n<\/tr>\n<tr>\n<td align=\"center\" valign=\"middle\"><span style=\"font-family: arial,helvetica,sans-serif; font-size: small;\">Bitte Foto einsenden!<\/span><\/td>\n<td style=\"width: 350px; height: 120px;\"><span style=\"font-size: small;\"><span style=\"font-family: arial,helvetica,sans-serif;\">Andrea Oppenberg<\/span><span style=\"font-family: arial,helvetica,sans-serif;\"> <strong><br \/>\nWohnort:<\/strong> Bergheim<\/span><span style=\"font-family: arial,helvetica,sans-serif;\"> <strong><br \/>\nBSG-Mitglied seit:<\/strong> Mrz. 05<\/span><span style=\"font-family: arial,helvetica,sans-serif;\"> <strong><br \/>\nGolfclub:<\/strong> GC Drautal \/ Berg<\/span><span style=\"font-family: arial,helvetica,sans-serif;\"> <strong><br \/>\nTelefon:<\/strong> 02271 \u2013 449 36<\/span><\/span><span style=\"font-family: arial,helvetica,sans-serif; font-size: small;\"> <strong><br \/>\nMobil:<\/strong> 0163 \u2013 354 87 13<\/span><span style=\"font-family: arial,helvetica,sans-serif; font-size: small;\"> <strong><br \/>\nE-Mail:<\/strong> andrea.oppenberg@web.de<\/span><\/td>\n<\/tr>\n<tr>\n<td align=\"center\" valign=\"middle\"><span style=\"font-family: arial,helvetica,sans-serif; font-size: small;\">Bitte Foto einsenden!<\/span><\/td>\n<td style=\"width: 350px; height: 120px;\"><span style=\"font-size: small;\"><span style=\"font-family: arial,helvetica,sans-serif;\">David Oppenberg<\/span><span style=\"font-family: arial,helvetica,sans-serif;\"> <strong><br \/>\nWohnort:<\/strong> Bergheim<\/span><span style=\"font-family: arial,helvetica,sans-serif;\"> <strong><br \/>\nBSG-Mitglied seit:<\/strong> Mrz. 05<\/span><span style=\"font-family: arial,helvetica,sans-serif;\"><br \/>\n<strong>Golfclub:<\/strong> GC Drautal \/ Berg<\/span><span style=\"font-family: arial,helvetica,sans-serif;\"> <strong><br \/>\nTelefon:<\/strong> 02271 \u2013 449 36<\/span><\/span><span style=\"font-family: arial,helvetica,sans-serif; font-size: small;\"> <strong><br \/>\nMobil:<\/strong> 0177 \u2013 674 06 45<\/span><span style=\"font-family: arial,helvetica,sans-serif; font-size: small;\"> <strong><br \/>\nE-Mail:<\/strong> david.oppenberg@web.de<\/span><\/td>\n<\/tr>\n<tr>\n<td align=\"center\" valign=\"middle\"><span style=\"font-family: arial,helvetica,sans-serif; font-size: small;\">Bitte Foto einsenden!<\/span><\/td>\n<td style=\"width: 350px; height: 120px;\"><span style=\"font-size: small;\"><span style=\"font-family: arial,helvetica,sans-serif;\">Dr. Hermann Oppenberg<\/span><span style=\"font-family: arial,helvetica,sans-serif;\"> <strong><br \/>\nWohnort:<\/strong> Bergheim<\/span><span style=\"font-family: arial,helvetica,sans-serif;\"> <strong><br \/>\nBSG-Mitglied seit:<\/strong> Feb. 05<\/span><span style=\"font-family: arial,helvetica,sans-serif;\"> <strong><br \/>\nGolfclub:<\/strong> GC Drautal \/ Berg<\/span><span style=\"font-family: arial,helvetica,sans-serif;\"> <strong><br \/>\nTelefon:<\/strong> 02271 \u2013 449 36<\/span><\/span><span style=\"font-family: arial,helvetica,sans-serif; font-size: small;\"> <strong><br \/>\nMobil:<\/strong> 0162 \u2013 250 70 56<\/span><span style=\"font-family: arial,helvetica,sans-serif; font-size: small;\"> <strong><br \/>\nE-Mail:<\/strong> hermann.oppenberg@rwe.com<\/span><\/td>\n<\/tr>\n<tr>\n<td align=\"center\" valign=\"middle\"><span style=\"font-family: arial,helvetica,sans-serif; font-size: small;\">Bitte Foto einsenden!<\/span><\/td>\n<td style=\"width: 350px; height: 120px;\"><span style=\"font-size: small;\"><span style=\"font-family: arial,helvetica,sans-serif;\">Jakob Oppenberg<\/span><span style=\"font-family: arial,helvetica,sans-serif;\"> <strong><br \/>\nWohnort:<\/strong> Bergheim<\/span><span style=\"font-family: arial,helvetica,sans-serif;\"> <strong><br \/>\nBSG-Mitglied seit:<\/strong> Mrz. 05<\/span><span style=\"font-family: arial,helvetica,sans-serif;\"> <strong><br \/>\nGolfclub:<\/strong> GC Drautal \/ Berg<\/span><\/span><\/td>\n<\/tr>\n<tr>\n<td align=\"center\" valign=\"middle\"><span style=\"font-family: arial,helvetica,sans-serif; font-size: small;\">Bitte Foto einsenden!<\/span><\/td>\n<td style=\"width: 350px; height: 120px;\"><span style=\"font-size: small;\"><span style=\"font-family: arial,helvetica,sans-serif;\">Gerd Pelzer<\/span><span style=\"font-family: arial,helvetica,sans-serif;\"> <strong><br \/>\nWohnort:<\/strong> Niederzier<\/span><span style=\"font-family: arial,helvetica,sans-serif;\"> <strong><br \/>\nBSG-Mitglied seit:<\/strong> Feb. 08<\/span><span style=\"font-family: arial,helvetica,sans-serif;\"> <strong><br \/>\nGolfclub:<\/strong> kein Clubmitglied<\/span><\/span><\/td>\n<\/tr>\n<tr>\n<td align=\"center\" valign=\"middle\"><span style=\"font-family: arial,helvetica,sans-serif; font-size: small;\">Bitte Foto einsenden!<\/span><\/td>\n<td style=\"width: 350px; height: 120px;\"><span style=\"font-size: small;\"><span style=\"font-family: arial,helvetica,sans-serif;\">Karl-Heinz Peters<\/span><span style=\"font-family: arial,helvetica,sans-serif;\"> <strong><br \/>\nWohnort:<\/strong> D\u00fcsseldorf<\/span><span style=\"font-family: arial,helvetica,sans-serif;\"> <strong><br \/>\nBSG-Mitglied seit:<\/strong> Apr. 05<\/span><span style=\"font-family: arial,helvetica,sans-serif;\"> <strong><br \/>\nGolfclub:<\/strong> GC Am R\u00f6merweg<\/span><span style=\"font-family: arial,helvetica,sans-serif;\"> <strong><br \/>\nMobil:<\/strong> 0171 \u2013 875 34 19<\/span><\/span><span style=\"font-family: arial,helvetica,sans-serif; font-size: small;\"> <strong><br \/>\nE-Mail:<\/strong> k.-h.peters@t-online.de<\/span><\/td>\n<\/tr>\n<tr>\n<td align=\"center\" valign=\"middle\"><span style=\"font-family: arial,helvetica,sans-serif; font-size: small;\">Bitte Foto einsenden!<\/span><\/td>\n<td style=\"width: 350px; height: 120px;\"><span style=\"font-size: small;\"><span style=\"font-family: arial,helvetica,sans-serif;\">Michael Peters<\/span><span style=\"font-family: arial,helvetica,sans-serif;\"> <strong><br \/>\nWohnort:<\/strong> Bergheim<\/span><span style=\"font-family: arial,helvetica,sans-serif;\"> <strong><br \/>\nBSG-Mitglied seit:<\/strong> Feb. 05<\/span><span style=\"font-family: arial,helvetica,sans-serif;\"> <strong><br \/>\nGolfclub:<\/strong> Bella Vista Golfpark<\/span><span style=\"font-family: arial,helvetica,sans-serif;\"> <strong><br \/>\nE-Mail:<\/strong> michael.peters@t-online.de<\/span><\/span><\/td>\n<\/tr>\n<tr>\n<td align=\"center\" valign=\"middle\"><span style=\"font-family: arial,helvetica,sans-serif; font-size: small;\">Bitte Foto einsenden!<\/span><\/td>\n<td style=\"width: 350px; height: 120px;\"><span style=\"font-size: small;\"><span style=\"font-family: arial,helvetica,sans-serif;\">Brunhilde Raddatz<\/span><span style=\"font-family: arial,helvetica,sans-serif;\"><br \/>\n<strong>Wohnort:<\/strong> M\u00f6nchengladbach<\/span><span style=\"font-family: arial,helvetica,sans-serif;\"><br \/>\n<strong>BSG-Mitglied seit:<\/strong> Jan. 11<\/span><span style=\"font-family: arial,helvetica,sans-serif;\"> <strong><br \/>\nGolfclub:<\/strong> GC M\u00f6nchengladbach-Wanlo<\/span><\/span><\/td>\n<\/tr>\n<tr>\n<td align=\"center\" valign=\"middle\"><a href=\"http:\/\/www.rwepowergolf.de\/wp-content\/uploads\/Michael.jpg\"><span style=\"font-family: arial,helvetica,sans-serif; font-size: small;\"><img loading=\"lazy\" decoding=\"async\" style=\"border: 0pt none;\" title=\"Raschke-Michael\" src=\"http:\/\/www.rwepowergolf.de\/wp-content\/uploads\/Michael.jpg\" alt=\"\" width=\"76\" height=\"85\" \/><\/span><\/a><\/td>\n<td style=\"width: 350px; height: 120px;\"><span style=\"font-size: small;\"><span style=\"font-family: arial,helvetica,sans-serif;\">Michael Raschke<\/span><span style=\"font-family: arial,helvetica,sans-serif;\"> <strong><br \/>\nWohnort:<\/strong> H\u00fcrth<\/span><span style=\"font-family: arial,helvetica,sans-serif;\"> <strong><br \/>\nBSG-Mitglied seit:<\/strong> Sep. 05<\/span><span style=\"font-family: arial,helvetica,sans-serif;\"> <strong><br \/>\nGolfclub:<\/strong> GC Lauterbach e.V. Schlo\u00df Sickendorf<\/span><\/span><\/td>\n<\/tr>\n<tr>\n<td align=\"center\" valign=\"middle\"><span style=\"font-family: arial,helvetica,sans-serif; font-size: small;\">Bitte Foto einsenden!<\/span><\/td>\n<td style=\"width: 350px; height: 120px;\"><span style=\"font-size: small;\"><span style=\"font-family: arial,helvetica,sans-serif;\">Klaus Reuter<\/span><span style=\"font-family: arial,helvetica,sans-serif;\"> <strong><br \/>\nWohnort:<\/strong> Bornheim<\/span><span style=\"font-family: arial,helvetica,sans-serif;\"> <strong><br \/>\nBSG-Mitglied seit:<\/strong> Jan. 11<\/span><span style=\"font-family: arial,helvetica,sans-serif;\"> <strong><br \/>\nGolfclub:<\/strong> kein Clubmitglied<\/span><\/span><\/td>\n<\/tr>\n<tr>\n<td align=\"center\" valign=\"middle\"><span style=\"font-family: arial,helvetica,sans-serif; font-size: small;\">Bitte Foto einsenden!<\/span><\/td>\n<td style=\"width: 350px; height: 120px;\"><span style=\"font-size: small;\"><span style=\"font-family: arial,helvetica,sans-serif;\">Dr. Martina Rudy<\/span><span style=\"font-family: arial,helvetica,sans-serif;\"> <strong><br \/>\nWohnort:<\/strong> K\u00f6ln<\/span><span style=\"font-family: arial,helvetica,sans-serif;\"> <strong><br \/>\nBSG-Mitglied seit:<\/strong> Jan. 09<\/span><span style=\"font-family: arial,helvetica,sans-serif;\"> <strong><br \/>\nGolfclub:<\/strong> GC Grevenm\u00fchle<\/span><\/span><\/td>\n<\/tr>\n<tr>\n<td align=\"center\" valign=\"middle\"><span style=\"font-family: arial,helvetica,sans-serif; font-size: small;\">Bitte Foto einsenden!<\/span><\/td>\n<td style=\"width: 350px; height: 120px;\"><span style=\"font-size: small;\"><span style=\"font-family: arial,helvetica,sans-serif;\">Richard Scharf<\/span><span style=\"font-family: arial,helvetica,sans-serif;\"> <strong><br \/>\nWohnort:<\/strong> K\u00f6ln<\/span><span style=\"font-family: arial,helvetica,sans-serif;\"> <strong><br \/>\nBSG-Mitglied seit:<\/strong> Mrz. 05<\/span><span style=\"font-family: arial,helvetica,sans-serif;\"> <strong><br \/>\nGolfclub:<\/strong> kein Clubmitglied<\/span><\/span><\/td>\n<\/tr>\n<tr>\n<td align=\"center\" valign=\"middle\"><a href=\"http:\/\/www.rwepowergolf.de\/wp-content\/uploads\/Scheiff-Ferdinand.jpg\"><span style=\"font-family: arial,helvetica,sans-serif; font-size: small;\"><img loading=\"lazy\" decoding=\"async\" style=\"border: 0pt none;\" title=\"Scheiff-Ferdinand\" src=\"http:\/\/www.rwepowergolf.de\/wp-content\/uploads\/Scheiff-Ferdinand.jpg\" alt=\"\" width=\"74\" height=\"91\" \/><\/span><\/a><\/td>\n<td style=\"width: 350px; height: 120px;\"><span style=\"font-size: small;\"><span style=\"font-family: arial,helvetica,sans-serif;\">Ferdinand Scheiff<\/span><span style=\"font-family: arial,helvetica,sans-serif;\"> <strong><br \/>\nWohnort:<\/strong> D\u00fcren<\/span><span style=\"font-family: arial,helvetica,sans-serif;\"> <strong><br \/>\nBSG-Mitglied seit:<\/strong> Feb. 05<\/span><span style=\"font-family: arial,helvetica,sans-serif;\"> <strong><br \/>\nGolfclub:<\/strong> Euro Golfclub 2000<\/span><span style=\"font-family: arial,helvetica,sans-serif;\"> <strong><br \/>\nTelefon:<\/strong> 02421 \u2013 632 77<\/span><\/span><span style=\"font-family: arial,helvetica,sans-serif; font-size: small;\"> <strong><br \/>\nE-Mail:<\/strong> scheiff@aol.com<\/span><\/td>\n<\/tr>\n<tr>\n<td align=\"center\" valign=\"middle\"><span style=\"font-family: arial,helvetica,sans-serif; font-size: small;\"><a href=\"http:\/\/www.rwepowergolf.de\/wp-content\/uploads\/Scheunpflug-Wolfgang.jpg\"><img loading=\"lazy\" decoding=\"async\" title=\"Scheunpflug-Wolfgang\" src=\"http:\/\/www.rwepowergolf.de\/wp-content\/uploads\/Scheunpflug-Wolfgang.jpg\" alt=\"\" width=\"76\" height=\"93\" \/><\/a><\/span><\/td>\n<td style=\"width: 350px; height: 120px;\"><span style=\"font-size: small;\"><span style=\"font-family: arial,helvetica,sans-serif;\">Wolfgang Scheunpflug <strong><br \/>\nWohnort:<\/strong> Kerpen <strong><br \/>\nBSG-Mitglied seit:<\/strong> Jul. 13 <strong><br \/>\nGolfclub:<\/strong> Golf City<br \/>\n<strong>E-Mail:<\/strong> wolfgang.scheunpflug@rwe.com<br \/>\n<\/span><\/span><\/td>\n<\/tr>\n<tr>\n<td align=\"center\" valign=\"middle\"><span style=\"font-family: arial,helvetica,sans-serif; font-size: small;\">Bitte Foto einsenden!<\/span><\/td>\n<td style=\"width: 350px; height: 120px;\"><span style=\"font-size: small;\"><span style=\"font-family: arial,helvetica,sans-serif;\">J\u00fcrgen Schmidt<\/span><span style=\"font-family: arial,helvetica,sans-serif;\"> <strong><br \/>\nWohnort:<\/strong> Alsdorf<\/span><span style=\"font-family: arial,helvetica,sans-serif;\"> <strong><br \/>\nBSG-Mitglied seit:<\/strong> Jul. 11<\/span><span style=\"font-family: arial,helvetica,sans-serif;\"> <strong><br \/>\nGolfclub:<\/strong> GC Eschenrod<\/span><\/span><\/td>\n<\/tr>\n<tr>\n<td align=\"center\" valign=\"middle\"><a href=\"http:\/\/www.rwepowergolf.de\/wp-content\/uploads\/Schnelle-Oliver.jpg\"><span style=\"font-family: arial,helvetica,sans-serif; font-size: small;\"><img loading=\"lazy\" decoding=\"async\" style=\"border: 0pt none;\" title=\"Schnelle-Oliver\" src=\"http:\/\/www.rwepowergolf.de\/wp-content\/uploads\/Schnelle-Oliver.jpg\" alt=\"\" width=\"76\" height=\"87\" \/><\/span><\/a><\/td>\n<td style=\"width: 350px; height: 120px;\"><span style=\"font-size: small;\"><span style=\"font-family: arial,helvetica,sans-serif;\">Oliver Schnelle<\/span><span style=\"font-family: arial,helvetica,sans-serif;\"> <strong><br \/>\nWohnort:<\/strong> Titz<\/span><span style=\"font-family: arial,helvetica,sans-serif;\"> <strong><br \/>\nBSG-Mitglied seit:<\/strong> Apr. 09<\/span><span style=\"font-family: arial,helvetica,sans-serif;\"> <strong><br \/>\nGolfclub:<\/strong> GC M\u00f6nchengladbach-Wanlo<\/span><\/span><\/td>\n<\/tr>\n<tr>\n<td align=\"center\" valign=\"middle\"><a href=\"http:\/\/www.rwepowergolf.de\/wp-content\/uploads\/Schr\u00f6der-Andreas.bmp\"><span style=\"font-family: arial,helvetica,sans-serif; font-size: small;\"><img decoding=\"async\" style=\"border: 0pt none;\" title=\"Schr\u00f6der-Andreas\" src=\"http:\/\/www.rwepowergolf.de\/wp-content\/uploads\/Schr\u00f6der-Andreas.bmp\" alt=\"\" \/><\/span><\/a><\/td>\n<td style=\"width: 350px; height: 120px;\"><span style=\"font-size: small;\"><span style=\"font-family: arial,helvetica,sans-serif;\">Andreas Schr\u00f6der<\/span><span style=\"font-family: arial,helvetica,sans-serif;\"> <strong><br \/>\nWohnort:<\/strong> Linnich<\/span><span style=\"font-family: arial,helvetica,sans-serif;\"><br \/>\n<strong>BSG-Mitglied seit:<\/strong> Jul. 09<\/span><span style=\"font-family: arial,helvetica,sans-serif;\"> <strong><br \/>\nGolfclub:<\/strong> GC M\u00f6nchengladbach-Wanlo<\/span><span style=\"font-family: arial,helvetica,sans-serif;\"> <strong><br \/>\nMobil:<\/strong> 0163 \u2013 289 86 31<\/span><\/span><span style=\"font-family: arial,helvetica,sans-serif; font-size: small;\"> <strong><br \/>\nE-Mail:<\/strong> andreas.schroeder@rwe.com<\/span><\/td>\n<\/tr>\n<tr>\n<td align=\"center\" valign=\"middle\"><a href=\"https:\/\/www.bsg-rwepowergolf.de\/wp-content\/uploads\/Andreas_Schulz.jpg\"><img loading=\"lazy\" decoding=\"async\" class=\"alignnone wp-image-12390\" src=\"https:\/\/www.bsg-rwepowergolf.de\/wp-content\/uploads\/Andreas_Schulz.jpg\" alt=\"\" width=\"80\" height=\"104\" \/><\/a><\/td>\n<td style=\"width: 350px; height: 120px;\"><span style=\"font-size: small;\"><span style=\"font-family: arial,helvetica,sans-serif;\">Andreas Schulz<\/span><span style=\"font-family: arial,helvetica,sans-serif;\"> <strong><br \/>\n<\/strong><\/span><span style=\"font-family: arial,helvetica,sans-serif;\"><strong> Wohnort: <\/strong>J\u00fclich<strong><br \/>\nBSG-Mitglied seit:<\/strong> Jan. 16<\/span><span style=\"font-family: arial,helvetica,sans-serif;\"> <strong><br \/>\nGolfclub:<\/strong> GC Am Alten Fliess<\/span><\/span><\/td>\n<\/tr>\n<tr>\n<td align=\"center\" valign=\"middle\"><\/td>\n<td style=\"width: 350px; height: 120px;\"><span style=\"font-size: small;\"><span style=\"font-family: arial,helvetica,sans-serif;\">Karl Schulze<br \/>\n<\/span><\/span><span style=\"font-size: small;\"><span style=\"font-family: arial,helvetica,sans-serif;\"><strong>Wohnort:<\/strong> Frechen<br \/>\n<strong>BSG-Mitglied seit:<\/strong> Jan. 18<br \/>\n<strong>Golfclub<\/strong>: GC Am Alten Fliess<\/span><\/span><\/td>\n<\/tr>\n<tr>\n<td align=\"center\" valign=\"middle\"><a href=\"http:\/\/www.rwepowergolf.de\/wp-content\/uploads\/Seekircher-Josef.jpg\"><span style=\"font-family: arial,helvetica,sans-serif; font-size: small;\"><img loading=\"lazy\" decoding=\"async\" style=\"border: 0pt none;\" title=\"Seekircher-Josef\" src=\"http:\/\/www.rwepowergolf.de\/wp-content\/uploads\/Seekircher-Josef.jpg\" alt=\"\" width=\"76\" height=\"87\" \/><\/span><\/a><\/td>\n<td style=\"width: 350px; height: 120px;\"><span style=\"font-size: small;\"><span style=\"font-family: arial,helvetica,sans-serif;\">Hermann-Josef Seekircher<\/span><span style=\"font-family: arial,helvetica,sans-serif;\"> <strong><br \/>\nWohnort:<\/strong> Bedburg<\/span><span style=\"font-family: arial,helvetica,sans-serif;\"> <strong><br \/>\nBSG-Mitglied seit:<\/strong> Feb. 05<\/span><span style=\"font-family: arial,helvetica,sans-serif;\"> <strong><br \/>\nGolfclub:<\/strong> Euro Golfclub 2000<\/span><span style=\"font-family: arial,helvetica,sans-serif;\"> <strong><br \/>\nMobil:<\/strong> 0157 \u2013 883 783 20<\/span><\/span><span style=\"font-family: arial,helvetica,sans-serif; font-size: small;\">\u00a0<strong><br \/>\nE-Mail:<\/strong> hermann-josef.seekircher@t-online.de<\/span><\/td>\n<\/tr>\n<tr>\n<td align=\"center\" valign=\"middle\"><span style=\"font-family: arial,helvetica,sans-serif; font-size: small;\"><a href=\"https:\/\/www.bsg-rwepowergolf.de\/wp-content\/uploads\/Sett-Marion.jpg\"><img loading=\"lazy\" decoding=\"async\" class=\"size-full wp-image-8172 alignnone\" src=\"https:\/\/www.bsg-rwepowergolf.de\/wp-content\/uploads\/Sett-Marion.jpg\" alt=\"Sett-Marion\" width=\"76\" height=\"88\" \/><\/a><\/span><\/td>\n<td style=\"width: 350px; height: 120px;\"><span style=\"font-size: small;\"><span style=\"font-family: arial,helvetica,sans-serif;\">Marion Sett<\/span><span style=\"font-family: arial,helvetica,sans-serif;\"> <strong><br \/>\nWohnort:<\/strong> Br\u00fchl<\/span><span style=\"font-family: arial,helvetica,sans-serif;\"> <strong><br \/>\nBSG-Mitglied seit:<\/strong> Jan. 11<\/span><span style=\"font-family: arial,helvetica,sans-serif;\"> <strong><br \/>\nGolfclub:<\/strong> GC Schloss Miel<br \/>\n<strong>Mobil:<\/strong> 0151 \u2013 162 687 38 <strong><br \/>\nE-Mail:<\/strong> mutsett@gmx.net<br \/>\n<\/span><\/span><\/td>\n<\/tr>\n<tr>\n<td align=\"center\" valign=\"middle\"><span style=\"font-family: arial,helvetica,sans-serif; font-size: small;\">\u00a0<a href=\"https:\/\/www.bsg-rwepowergolf.de\/wp-content\/uploads\/Sett-Thomas.jpg\"><img loading=\"lazy\" decoding=\"async\" class=\"size-full wp-image-8173 alignnone\" src=\"https:\/\/www.bsg-rwepowergolf.de\/wp-content\/uploads\/Sett-Thomas.jpg\" alt=\"Sett-Thomas\" width=\"76\" height=\"91\" \/><\/a><\/span><\/td>\n<td style=\"width: 350px; height: 120px;\"><span style=\"font-size: small;\"><span style=\"font-family: arial,helvetica,sans-serif;\">Thomas Sett<\/span><span style=\"font-family: arial,helvetica,sans-serif;\"> <strong><br \/>\nWohnort:<\/strong> Br\u00fchl<\/span><span style=\"font-family: arial,helvetica,sans-serif;\"> <strong><br \/>\nBSG-Mitglied seit:<\/strong> Feb. 05<\/span><span style=\"font-family: arial,helvetica,sans-serif;\"> <strong><br \/>\nGolfclub:<\/strong> GC Schloss Miel<br \/>\n<strong>Mobil:<\/strong> 0177 \u2013 495 30 57 <strong><br \/>\nE-Mail:<\/strong> mutsett@gmx.net<br \/>\n<\/span><\/span><\/td>\n<\/tr>\n<tr>\n<td align=\"center\" valign=\"middle\"><\/td>\n<td style=\"width: 350px; height: 120px;\"><span style=\"font-size: small;\"><span style=\"font-family: arial,helvetica,sans-serif;\">Wolfgang Sevenich<br \/>\n<strong>Wohnort:<\/strong> J\u00fclich<br \/>\n<strong>BSG-Mitglied seit:<\/strong> Jan. 18<br \/>\n<strong>Golfclub:<\/strong><\/span><\/span><\/td>\n<\/tr>\n<tr>\n<td align=\"center\" valign=\"middle\"><span style=\"font-family: arial,helvetica,sans-serif; font-size: small;\">Bitte Foto einsenden!<\/span><\/td>\n<td style=\"width: 350px; height: 120px;\"><span style=\"font-size: small;\"><span style=\"font-family: arial,helvetica,sans-serif;\">Thomas Theisen<\/span><span style=\"font-family: arial,helvetica,sans-serif;\"> <strong><br \/>\nWohnort:<\/strong> Dorsten<\/span><span style=\"font-family: arial,helvetica,sans-serif;\"> <strong><br \/>\nBSG-Mitglied seit:<\/strong> Feb. 10<\/span><span style=\"font-family: arial,helvetica,sans-serif;\"> <strong><br \/>\nGolfclub:<\/strong> GC Gut Apeld\u00f6r<\/span><\/span><\/td>\n<\/tr>\n<tr>\n<td align=\"center\" valign=\"middle\"><span style=\"font-family: arial,helvetica,sans-serif; font-size: small;\"><span style=\"font-family: arial,helvetica,sans-serif; font-size: small;\"><img loading=\"lazy\" decoding=\"async\" style=\"border: 0pt none;\" title=\"Thiele-Karin\" src=\"http:\/\/www.rwepowergolf.de\/wp-content\/uploads\/Karin.jpg\" alt=\"\" width=\"76\" height=\"89\" \/><\/span><\/span><\/td>\n<td style=\"width: 350px; height: 120px;\"><span style=\"font-size: small;\"><span style=\"font-family: arial,helvetica,sans-serif;\">Karin Thiele<\/span><span style=\"font-family: arial,helvetica,sans-serif;\"> <strong><br \/>\nWohnort:<\/strong> N\u00f6rvenich<\/span><span style=\"font-family: arial,helvetica,sans-serif;\"> <strong><br \/>\nBSG-Mitglied seit:<\/strong> Jun. 06<\/span><span style=\"font-family: arial,helvetica,sans-serif;\"> <strong><br \/>\nGolfclub:<\/strong> GC Drautal \/ Berg<\/span><\/span><\/td>\n<\/tr>\n<tr>\n<td align=\"center\" valign=\"middle\"><a href=\"http:\/\/www.rwepowergolf.de\/wp-content\/uploads\/Thiele-Stefan.jpg\"><span style=\"font-family: arial,helvetica,sans-serif; font-size: small;\"><img loading=\"lazy\" decoding=\"async\" style=\"border: 0pt none;\" title=\"Thiele-Stefan\" src=\"http:\/\/www.rwepowergolf.de\/wp-content\/uploads\/Thiele-Stefan.jpg\" alt=\"\" width=\"76\" height=\"89\" \/><\/span><\/a><\/td>\n<td style=\"width: 350px; height: 120px;\"><span style=\"font-size: small;\"><span style=\"font-family: arial,helvetica,sans-serif;\">Stefan Thiele<\/span><span style=\"font-family: arial,helvetica,sans-serif;\"> <strong><br \/>\nWohnort:<\/strong> N\u00f6rvenich<\/span><span style=\"font-family: arial,helvetica,sans-serif;\"> <strong><br \/>\nBSG-Mitglied seit:<\/strong> Jun. 06<\/span><span style=\"font-family: arial,helvetica,sans-serif;\"> <strong><br \/>\nGolfclub:<\/strong> GC Drautal \/ Berg<\/span><span style=\"font-family: arial,helvetica,sans-serif;\"> <strong><br \/>\nTelefon:<\/strong> 02234 \u2013 935 33708<\/span><\/span><span style=\"font-family: arial,helvetica,sans-serif; font-size: small;\"> <strong><br \/>\nE-Mail:<\/strong> stefan.thiele@rwe.com<\/span><\/td>\n<\/tr>\n<tr>\n<td align=\"center\" valign=\"middle\"><span style=\"font-family: arial,helvetica,sans-serif; font-size: small;\">Bitte Foto einsenden!<\/span><\/td>\n<td style=\"width: 350px; height: 120px;\"><span style=\"font-size: small;\"><span style=\"font-family: arial,helvetica,sans-serif;\">Peter Tillmanns<\/span><span style=\"font-family: arial,helvetica,sans-serif;\"> <strong><br \/>\nWohnort:<\/strong> Erkelenz<\/span><span style=\"font-family: arial,helvetica,sans-serif;\"> <strong><br \/>\nBSG-Mitglied seit:<\/strong> Apr. 05<\/span><span style=\"font-family: arial,helvetica,sans-serif;\"> <strong><br \/>\nGolfclub:<\/strong> GC Drautal \/ Berg<\/span><\/span><\/td>\n<\/tr>\n<tr>\n<td align=\"center\" valign=\"middle\"><span style=\"font-family: arial,helvetica,sans-serif; font-size: small;\">Bitte Foto einsenden!<\/span><\/td>\n<td style=\"width: 350px; height: 120px;\"><span style=\"font-size: small;\"><span style=\"font-family: arial,helvetica,sans-serif;\">Harald Tonner<\/span><span style=\"font-family: arial,helvetica,sans-serif;\"> <strong><br \/>\nWohnort:<\/strong> D\u00fcren<\/span><span style=\"font-family: arial,helvetica,sans-serif;\"> <strong><br \/>\nBSG-Mitglied seit:<\/strong> Jan. 07<\/span><span style=\"font-family: arial,helvetica,sans-serif;\"> <strong><br \/>\nGolfclub:<\/strong> kein Clubmitglied<\/span><\/span><\/td>\n<\/tr>\n<tr>\n<td align=\"center\" valign=\"middle\"><span style=\"font-family: arial,helvetica,sans-serif; font-size: small;\">Bitte Foto einsenden!<\/span><\/td>\n<td style=\"width: 350px; height: 120px;\"><span style=\"font-size: small;\"><span style=\"font-family: arial,helvetica,sans-serif;\">Harald Von C\u00f6lln <strong><br \/>\nWohnort:<\/strong> Erftstadt<strong><br \/>\nBSG-Mitglied seit:<\/strong> Jan. 13 <strong><br \/>\nGolfclub:<\/strong> GC Bad M\u00fcnstereifel<\/span><\/span><\/td>\n<\/tr>\n<tr>\n<td align=\"center\" valign=\"middle\"><span style=\"font-family: arial,helvetica,sans-serif; font-size: small;\">Bitte Foto einsenden!<\/span><\/td>\n<td style=\"width: 350px; height: 120px;\"><span style=\"font-size: small;\"><span style=\"font-family: arial,helvetica,sans-serif;\">Ulrike Von C\u00f6lln <strong><br \/>\nWohnort:<\/strong> Erftstadt<strong><br \/>\nBSG-Mitglied seit:<\/strong> Apr. 16 <strong><br \/>\nGolfclub:<\/strong> GC Bad M\u00fcnstereifel<\/span><\/span><\/td>\n<\/tr>\n<tr>\n<td align=\"center\" valign=\"middle\"><a href=\"http:\/\/www.rwepowergolf.de\/wp-content\/uploads\/Welbers-J\u00fcrgen.jpg\"><span style=\"font-family: arial,helvetica,sans-serif; font-size: small;\"><img loading=\"lazy\" decoding=\"async\" style=\"border: 0pt none;\" title=\"Welbers-J\u00fcrgen\" src=\"http:\/\/www.rwepowergolf.de\/wp-content\/uploads\/Welbers-J\u00fcrgen.jpg\" alt=\"\" width=\"75\" height=\"91\" \/><\/span><\/a><\/td>\n<td style=\"width: 350px; height: 120px;\"><span style=\"font-size: small;\"><span style=\"font-family: arial,helvetica,sans-serif;\">J\u00fcrgen Welbers<\/span><span style=\"font-family: arial,helvetica,sans-serif;\"> <strong><br \/>\nWohnort:<\/strong> M\u00f6nchengladbach<\/span><span style=\"font-family: arial,helvetica,sans-serif;\"> <strong><br \/>\nBSG-Mitglied seit:<\/strong> Apr. 11<\/span><span style=\"font-family: arial,helvetica,sans-serif;\"><br \/>\n<strong>Golfclub:<\/strong> GC Am R\u00f6merweg<\/span><span style=\"font-family: arial,helvetica,sans-serif;\"><br \/>\n<strong>E-Mail:<\/strong> welbers@mullundpartner.de<\/span><\/span><\/td>\n<\/tr>\n<tr>\n<td align=\"center\" valign=\"middle\"><span style=\"font-family: arial,helvetica,sans-serif; font-size: small;\">Bitte Foto einsenden!<\/span><\/td>\n<td style=\"width: 350px; height: 120px;\"><span style=\"font-size: small;\"><span style=\"font-family: arial,helvetica,sans-serif;\">Brigitte Welters <strong><br \/>\nWohnort:<\/strong> <strong>J\u00fcchen<br \/>\nBSG-Mitglied seit:<\/strong> Mrz. 14 <strong><br \/>\nGolfclub:<\/strong> GC M\u00f6nchengladbach-Wanlo<\/span><\/span><\/td>\n<\/tr>\n<tr>\n<td align=\"center\" valign=\"middle\"><span style=\"font-family: arial,helvetica,sans-serif; font-size: small;\">Bitte Foto einsenden!<\/span><\/td>\n<td style=\"width: 350px; height: 120px;\"><span style=\"font-size: small;\"><span style=\"font-family: arial,helvetica,sans-serif;\">J\u00fcrgen Wirling<\/span><span style=\"font-family: arial,helvetica,sans-serif;\"> <strong><br \/>\nWohnort:<\/strong> H\u00fcrth<\/span><span style=\"font-family: arial,helvetica,sans-serif;\"><br \/>\n<strong>BSG-Mitglied seit:<\/strong> Jan. 09<\/span><span style=\"font-family: arial,helvetica,sans-serif;\"> <strong><br \/>\nGolfclub:<\/strong> GC Velderhof<\/span><\/span><\/td>\n<\/tr>\n<tr>\n<td align=\"center\" valign=\"middle\"><span style=\"font-family: arial,helvetica,sans-serif; font-size: small;\">Bitte Foto einsenden!<\/span><\/td>\n<td style=\"width: 350px; height: 120px;\"><span style=\"font-size: small;\"><span style=\"font-family: arial,helvetica,sans-serif;\">Frank Wuttke<\/span><span style=\"font-family: arial,helvetica,sans-serif;\"> <strong><br \/>\nWohnort:<\/strong> Merzenich<\/span><span style=\"font-family: arial,helvetica,sans-serif;\"> <strong><br \/>\nBSG-Mitglied seit:<\/strong> Feb. 05<\/span><span style=\"font-family: arial,helvetica,sans-serif;\"> <strong><br \/>\nGolfclub:<\/strong> kein Clubmitglied<\/span><\/span><\/td>\n<\/tr>\n<tr>\n<td align=\"center\" valign=\"middle\"><span style=\"font-family: arial,helvetica,sans-serif; font-size: small;\">Bitte Foto einsenden!<\/span><\/td>\n<td style=\"width: 350px; height: 120px;\"><span style=\"font-size: small;\"><span style=\"font-family: arial,helvetica,sans-serif;\">Ingo Zevenbergen <strong><br \/>\nWohnort:<\/strong> K\u00f6ln<strong><br \/>\nBSG-Mitglied seit:<\/strong> Okt. 15 <strong><br \/>\nGolfclub:<\/strong><br \/>\n<\/span><\/span><\/td>\n<\/tr>\n<tr>\n<td align=\"center\" valign=\"middle\"><span style=\"font-family: arial,helvetica,sans-serif; font-size: small;\">Bitte Foto einsenden!<\/span><\/td>\n<td style=\"width: 350px; height: 120px;\"><span style=\"font-size: small;\"><span style=\"font-family: arial,helvetica,sans-serif;\">Kurt Zumkier<br \/>\n<strong>Wohnort:<br \/>\nBSG-Mitglied seit:\u00a0<\/strong>Jan. 18<br \/>\n<strong>Golfclub:\u00a0<\/strong>Golf &amp; Country Club Velderhof<br \/>\n<strong>Mobil:<\/strong> 0171 &#8211; 232 62 22<strong><br \/>\nE-Mail:<\/strong>\u00a0kurt.zumkier@t-online.de<br \/>\n<\/span><\/span><\/td>\n<\/tr>\n<\/tbody>\n<\/table>\n<p>&nbsp;<\/p>\n<p>&nbsp;<\/p>\n","protected":false},"excerpt":{"rendered":"<p>Bitte das\u00a0BSG-Datenblatt ausgef\u00fcllt und zusammen mit einem Foto (am besten JPG-Datei und in m\u00f6glichst gro\u00dfer Aufl\u00f6sung) per E-Mail an anmeldung@bsg-rwepowergolf.de senden.<br \/>\nF\u00fcr eine Teilnahme an der Jahreswertung ist die R\u00fccksendung des Steckbriefs unerl\u00e4sslich, da wir hierf\u00fcr das aktuelle HCP zum 1. Januar des jeweiligen Jahres ben\u00f6tigen. Name, Vorname und Handicap sind daher Pflichtfelder. Ebenso die Clubmitgliedschaft, [&#8230;]<\/p>\n","protected":false},"author":1,"featured_media":0,"comment_status":"closed","ping_status":"closed","sticky":false,"template":"","format":"standard","meta":{"footnotes":""},"categories":[],"tags":[],"_links":{"self":[{"href":"https:\/\/bsg-rwepowergolf.de\/index.php?rest_route=\/wp\/v2\/posts\/4833"}],"collection":[{"href":"https:\/\/bsg-rwepowergolf.de\/index.php?rest_route=\/wp\/v2\/posts"}],"about":[{"href":"https:\/\/bsg-rwepowergolf.de\/index.php?rest_route=\/wp\/v2\/types\/post"}],"author":[{"embeddable":true,"href":"https:\/\/bsg-rwepowergolf.de\/index.php?rest_route=\/wp\/v2\/users\/1"}],"replies":[{"embeddable":true,"href":"https:\/\/bsg-rwepowergolf.de\/index.php?rest_route=%2Fwp%2Fv2%2Fcomments&post=4833"}],"version-history":[{"count":60,"href":"https:\/\/bsg-rwepowergolf.de\/index.php?rest_route=\/wp\/v2\/posts\/4833\/revisions"}],"predecessor-version":[{"id":12310,"href":"https:\/\/bsg-rwepowergolf.de\/index.php?rest_route=\/wp\/v2\/posts\/4833\/revisions\/12310"}],"wp:attachment":[{"href":"https:\/\/bsg-rwepowergolf.de\/index.php?rest_route=%2Fwp%2Fv2%2Fmedia&parent=4833"}],"wp:term":[{"taxonomy":"category","embeddable":true,"href":"https:\/\/bsg-rwepowergolf.de\/index.php?rest_route=%2Fwp%2Fv2%2Fcategories&post=4833"},{"taxonomy":"post_tag","embeddable":true,"href":"https:\/\/bsg-rwepowergolf.de\/index.php?rest_route=%2Fwp%2Fv2%2Ftags&post=4833"}],"curies":[{"name":"wp","href":"https:\/\/api.w.org\/{rel}","templated":true}]}}